{"id":746044,"date":"2026-09-03T19:59:20","date_gmt":"2026-09-03T19:59:20","guid":{"rendered":"https:\/\/www.europesays.com\/es\/746044\/"},"modified":"2026-09-03T19:59:20","modified_gmt":"2026-09-03T19:59:20","slug":"alineacion-posible-del-real-madrid-contra-el-betis-en-laliga-ea-sports","status":"publish","type":"post","link":"https:\/\/www.europesays.com\/es\/746044\/","title":{"rendered":"Alineaci\u00f3n posible del Real Madrid contra el Betis en LaLiga EA Sports"},"content":{"rendered":"<p class=\"\">El 4-0 al M\u00e1laga sirvi\u00f3 a <b>Jos\u00e9 Mourinho<\/b> para mover piezas en un once que hab\u00eda sido bastante s\u00f3lido en las dos primeras jornadas de Liga. Para esta visita a priori tan complicada a <b>La Cartuja<\/b> el t\u00e9cnico portugu\u00e9s <b>maneja la introducci\u00f3n de varios cambios<\/b>. Por de pronto, y dado que <b>Tchouameni sigue con poder estar<\/b> disponible, <b>con la introducci\u00f3n de Bernardo Silva (por Camavinga) y G\u00fcler<\/b>, que ocupar\u00e1 el puesto de titular que luci\u00f3 Brahim ante los malaguistas&#8230;<\/p>\n<p><a href=\"https:\/\/as.com\/resultados\/ficha\/equipo\/real_madrid\/1\/\" rel=\"nofollow noopener\" target=\"_blank\"><img decoding=\"async\" src=\"https:\/\/www.europesays.com\/es\/wp-content\/uploads\/2026\/09\/1788465556_621_1.png\" alt=\"Alineaci\u00f3n posible del Real Madrid contra el Betis en LaLiga EA Sports \" height=\"80\" width=\"80\"  loading=\"lazy\" data-error-image=\"https:\/\/static.as.com\/dist\/resources\/images\/placeholder-team.png\" fetchpriority=\"low\"\/><\/a><\/p>\n<p class=\"\">Mou retoc\u00f3 profusamente su defensa y ahora volver\u00e1 a hacerlo para el compromiso contra Pellegrini. <b>Dumfries <\/b>apunta a comenzar de inicio en su competencia total con <b>Trent<\/b>, <a href=\"https:\/\/as.com\/futbol\/trent-no-se-rinde-f202609-n\/\" target=\"_self\" rel=\"nofollow noopener\" title=\"https:\/\/as.com\/futbol\/trent-no-se-rinde-f202609-n\/\">que aprovech\u00f3 su oportunidad<\/a>. <b>Konat\u00e9 y R\u00fcdiger se juegan uno de los puestos<\/b> en el centro de la zaga. <a href=\"https:\/\/as.com\/futbol\/primera\/cucurella-empieza-a-pisar-fuerte-f202609-n\/\" target=\"_self\" rel=\"nofollow noopener\" title=\"https:\/\/as.com\/futbol\/primera\/cucurella-empieza-a-pisar-fuerte-f202609-n\/\">Cucurella ya pisa fuerte y seguir\u00e1 haci\u00e9ndolo<\/a>. <\/p>\n<p><img decoding=\"async\" src=\"https:\/\/www.europesays.com\/es\/wp-content\/uploads\/2026\/09\/QJHVS3UFJJGKZA54ZUJNEAGIVE.png\" alt=\"Alineaci\u00f3n posible del Real Madrid contra el Betis en LaLiga EA Sports \" height=\"444\" width=\"1890\"   loading=\"lazy\" fetchpriority=\"low\"\/>Diomande, a la espera un poco m\u00e1sNoticias relacionadas<img decoding=\"async\" src=\"https:\/\/www.europesays.com\/es\/wp-content\/uploads\/2026\/09\/X7OOHKVEIFNA7ATAJZ2NEOTJBA.jpg\" alt=\"\" class=\"\" height=\"9\" width=\"16\"   loading=\"lazy\" data-tb-thumbnail=\"\" fetchpriority=\"low\"\/><img decoding=\"async\" src=\"https:\/\/www.europesays.com\/es\/wp-content\/uploads\/2026\/09\/N7SEXPEC6ZJRBKHZW4KMC7ISB4.jpg\" alt=\"\" class=\"\" height=\"9\" width=\"16\"   loading=\"lazy\" data-tb-thumbnail=\"\" fetchpriority=\"low\"\/><\/p>\n<p class=\"\">El Madrid afrontar\u00e1 la segunda visita del curso con un ataque en el que volver\u00e1n a estar los tres bichos, los que no rotan. <b>Vinicius<\/b>, <b>este Bellingham <\/b><b>imperator<\/b> y arriba <b>Mbapp\u00e9<\/b>, que con sus cuatro goles en tres jornadas <a href=\"https:\/\/as.com\/futbol\/mbappe-tiene-sangre-en-la-mirada-f202608-n\/\" target=\"_self\" rel=\"nofollow noopener\" title=\"https:\/\/as.com\/futbol\/mbappe-tiene-sangre-en-la-mirada-f202608-n\/\">sigue peleando por reforzar su candidatura al Bal\u00f3n de Oro<\/a>. <\/p>\n<p class=\"\"><b>\u00a1Lleva el deporte contigo! <\/b>Descarga la App de AS para recibir alertas al instante y configura en <b>MiZona <\/b>qu\u00e9 quieres leer, sigue a tus equipos y consulta sus partidos. <a href=\"https:\/\/trackingcodes.prisamedia.com\/as.html?utm_campaign=cierre_articulo&amp;utm_source=web\" target=\"_blank\" rel=\"nofollow noopener\" title=\"https:\/\/trackingcodes.prisamedia.com\/as.html?utm_campaign=cierre_articulo&amp;utm_source=web\"><b>Desc\u00e1rgala aqu\u00ed.<\/b><\/a><b> <\/b>\u00bfAdem\u00e1s buscas licenciar contenido? Haz clic <a href=\"https:\/\/profesional.elpais.com\/soluciones-sindicacion?utm_medium=interno&amp;utm_source=crosslinking&amp;utm_campaign=sindicacion_as_pie_articulos\" target=\"_blank\" rel=\"nofollow noopener\" title=\"https:\/\/profesional.elpais.com\/soluciones-sindicacion?utm_medium=interno&amp;utm_source=crosslinking&amp;utm_campaign=sindicacion_as_pie_articulos\">aqu\u00ed<\/a><\/p>\n","protected":false},"excerpt":{"rendered":"El 4-0 al M\u00e1laga sirvi\u00f3 a Jos\u00e9 Mourinho para mover piezas en un once que hab\u00eda sido bastante&hellip;\n","protected":false},"author":2,"featured_media":746045,"comment_status":"","ping_status":"","sticky":false,"template":"","format":"standard","meta":{"footnotes":""},"categories":[268],"tags":[168,25,24,280,282,281,23,167],"class_list":["post-746044","post","type-post","status-publish","format-standard","has-post-thumbnail","category-futbol","tag-deportes","tag-es","tag-espana","tag-football","tag-futbol","tag-soccer","tag-spain","tag-sports"],"share_on_mastodon":{"url":"https:\/\/pubeurope.com\/@es\/117208887039778048","error":""},"_links":{"self":[{"href":"https:\/\/www.europesays.com\/es\/wp-json\/wp\/v2\/posts\/746044","targetHints":{"allow":["GET"]}}],"collection":[{"href":"https:\/\/www.europesays.com\/es\/wp-json\/wp\/v2\/posts"}],"about":[{"href":"https:\/\/www.europesays.com\/es\/wp-json\/wp\/v2\/types\/post"}],"author":[{"embeddable":true,"href":"https:\/\/www.europesays.com\/es\/wp-json\/wp\/v2\/users\/2"}],"replies":[{"embeddable":true,"href":"https:\/\/www.europesays.com\/es\/wp-json\/wp\/v2\/comments?post=746044"}],"version-history":[{"count":0,"href":"https:\/\/www.europesays.com\/es\/wp-json\/wp\/v2\/posts\/746044\/revisions"}],"wp:featuredmedia":[{"embeddable":true,"href":"https:\/\/www.europesays.com\/es\/wp-json\/wp\/v2\/media\/746045"}],"wp:attachment":[{"href":"https:\/\/www.europesays.com\/es\/wp-json\/wp\/v2\/media?parent=746044"}],"wp:term":[{"taxonomy":"category","embeddable":true,"href":"https:\/\/www.europesays.com\/es\/wp-json\/wp\/v2\/categories?post=746044"},{"taxonomy":"post_tag","embeddable":true,"href":"https:\/\/www.europesays.com\/es\/wp-json\/wp\/v2\/tags?post=746044"}],"curies":[{"name":"wp","href":"https:\/\/api.w.org\/{rel}","templated":true}]}}