{"id":746046,"date":"2026-09-03T20:00:15","date_gmt":"2026-09-03T20:00:15","guid":{"rendered":"https:\/\/www.europesays.com\/es\/746046\/"},"modified":"2026-09-03T20:00:15","modified_gmt":"2026-09-03T20:00:15","slug":"isabel-preysler-sobre-el-doble-cumpleanos-de-chabeli-iglesias-lo-supo-hace-anos-y-no-le-dio-nunca-la-mas-minima-importancia-sabe-que-ha-sido-y-sigue-siendo-desde-el-primer-momento-una-hija-muy-qu","status":"publish","type":"post","link":"https:\/\/www.europesays.com\/es\/746046\/","title":{"rendered":"Isabel Preysler, sobre el doble cumplea\u00f1os de Ch\u00e1beli Iglesias: \u00abLo supo hace a\u00f1os. Y no le dio nunca la m\u00e1s m\u00ednima importancia. Sabe que ha sido y sigue siendo desde el primer momento una hija muy querida\u00bb"},"content":{"rendered":"<p>C<strong>h\u00e1beli Iglesias <\/strong>cumple 55 a\u00f1os este jueves 3 de septiembre, aunque tambi\u00e9n los cumpl\u00edo el pasado 1 de agosto. Todo es posible cuando hablamos de un matrimonio como el <a href=\"https:\/\/www.lecturas.com\/actualidad\/isabel-preysler-2014-mami-no-podia-entender-que-me-separara-senor-que-me-amaba-tanto-porque-claro-julio-no-era-fiel-pero-me-adoraba_196518\" rel=\"nofollow noopener\" target=\"_blank\">Julio Iglesias e Isabel Preysler<\/a>. Su primog\u00e9nita puede presumir ahora de tener dos cumplea\u00f1os, una curiosa rareza tras la que se esconde un secreto que su madre logr\u00f3 ocultar durante a\u00f1os.<\/p>\n<p><img loading=\"lazy\" decoding=\"async\"   src=\"https:\/\/www.europesays.com\/es\/wp-content\/uploads\/2026\/09\/chabeli-iglesias_8d9e853d_260903194709_1200x1200.webp\" alt=\"Ch\u00e1beli Iglesias\" class=\"lazyload\" width=\"1200\" height=\"1200\" data-aspectratio=\"1200\/1200\"\/>&#13;<\/p>\n<p>Ch\u00e1beli Iglesias acaba de cumplir 55 a\u00f1os.<\/p>\n<p>&#13;Instagram de Ch\u00e1beli Iglesias<\/p>\n<p>En enero de 1971, Iglesias y Preysler contrajeron matrimonio con una premura que, con el paso del tiempo, tendr\u00eda una explicaci\u00f3n. La joven filipina estaba embarazada de su primer hijo, un hecho que <strong>habr\u00eda sido un esc\u00e1ndalo en la sociedad de la \u00e9poca<\/strong>. Isabel apenas ten\u00eda 20 a\u00f1os, pero Julio ya la ve\u00eda como la mujer de su vida y estaba convencido de que quer\u00eda casarse con ella, m\u00e1s all\u00e1 de que el tiempo apremiara. Ella, sin embargo, ten\u00eda serias dudas y hasta se plante\u00f3 marcharse a Estados Unidos y ser madre soltera. As\u00ed comienza la historia del doble cumplea\u00f1os de Ch\u00e1beli Iglesias.<\/p>\n<p>Un embarazo oculto<\/p>\n<p>No ser\u00eda hasta d\u00e9cadas despu\u00e9s, en 2014, cuando Isabel Preysler confesara la verdad de su boda con Julio Iglesias: \u00abPodr\u00eda decir que nos casamos porque est\u00e1bamos enamorados y ser\u00eda verdad, pero <strong>lo cierto es que me qued\u00e9 embarazada<\/strong>. Entonces parec\u00eda una tragedia no pasar por vicar\u00eda. El cura que nos cas\u00f3 a Julio y a m\u00ed, el 20 de enero de 1971, declar\u00f3 que nunca hab\u00eda visto a una novia llorar tanto en su vida, estar tan, tan triste. Simplemente sent\u00eda que no era el momento todav\u00eda\u00bb, declar\u00f3 a &#8216;Vanity Fair&#8217;.<\/p>\n<p><img loading=\"lazy\" decoding=\"async\"   src=\"https:\/\/www.europesays.com\/es\/wp-content\/uploads\/2026\/09\/1788465612_374_reina-sofia-buque_aa8aa617_260903160143_800x800.webp\" alt=\"Reina Sof\u00eda buque\" class=\"image lazyload\" width=\"800\" height=\"800\" data-aspectratio=\"800\/800\"\/><img loading=\"lazy\" decoding=\"async\" src=\"https:\/\/www.europesays.com\/es\/wp-content\/uploads\/2026\/09\/1788465614_957_reina-sofia-buque_aa8aa617_260903160147_1280x720.webp\" alt=\"&quot;En el acto de celebraci\u00f3n, posterior a la botadura, Sof\u00eda, con gran exquisitez, declin\u00f3 el magn\u00edfico y costoso regalo&quot;: la historia detr\u00e1s de la foto\" class=\"image lazyload\" width=\"1280\" height=\"720\" data-aspectratio=\"1280\/720\"\/><\/p>\n<p>Isabel, cuyos padres eran profundamente conservadores, cumpli\u00f3 el deseo de Julio de casarse con ella, a la vez que <strong>hizo todo lo posible por ocultar su embarazo de puertas hacia afuera.<\/strong> Y lo consigui\u00f3, hasta el punto en que todo el mundo pens\u00f3 durante a\u00f1os que la peque\u00f1a Ch\u00e1beli Iglesias hab\u00eda nacido el 3 de septiembre de 1971.<\/p>\n<p><img loading=\"lazy\" decoding=\"async\"   src=\"https:\/\/www.europesays.com\/es\/wp-content\/uploads\/2026\/09\/bautizo-de-chabeli-iglesias_e43fb6c8_260903194754_1200x799.webp\" alt=\"Bautizo de Ch\u00e1beli Iglesias\" class=\"lazyload\" width=\"1200\" height=\"799\" data-aspectratio=\"1200\/799\"\/>&#13;<\/p>\n<p>Isabel Preysler ocult\u00f3 durante a\u00f1os la verdadera fecha del nacimiento de su hija.<\/p>\n<p>&#13;Gtres<br \/>\nEl nacimiento de Ch\u00e1beli<\/p>\n<p>Oficialmente, la primera hija de Julio Iglesias e Isabel Preysler<strong> llegaba al mundo de forma prematura el 3 de septiembre<\/strong> en el hospital Nuestra Se\u00f1ora de Cascais, en Portugal. El parto fue atendido por el doctor Iglesias Puga, padre de Julio, que recurri\u00f3 a sus contactos m\u00e9dicos en el pa\u00eds vecino. Isabel afront\u00f3 aquel momento pr\u00e1cticamente sola: ning\u00fan familiar directo la acompa\u00f1\u00f3 durante el nacimiento.<\/p>\n<p>Pese a ser ochomesina, las cr\u00f3nicas de la \u00e9poca recogieron que Ch\u00e1beli era un beb\u00e9 sano. <strong>Naci\u00f3 con un peso de 3,8 kilos<\/strong> y su padre no pudo conocerla hasta dos d\u00edas despu\u00e9s, ya que estaba atendiendo compromisos profesionales en Espa\u00f1a. Todo aquello era falso, pues Isabel Preysler hab\u00eda dado a luz a su hija el 1 de agosto.<\/p>\n<p>La historia permaneci\u00f3 oculta durante d\u00e9cadas. Algunos periodistas comenzaron a <strong>hacerse eco de ella a principios de los a\u00f1os noventa<\/strong> y Paloma Barrientos la recogi\u00f3 tambi\u00e9n en la biograf\u00eda &#8216;Reina de corazones&#8217;, en la que reconstruy\u00f3 los primeros a\u00f1os de vida de Isabel Preysler tras viajar a su Manila natal.<\/p>\n<p><img loading=\"lazy\" decoding=\"async\"   src=\"https:\/\/www.europesays.com\/es\/wp-content\/uploads\/2026\/09\/julio-iglesias-isabel-preysler-y-chabeli_a9d376fb_260903194858_1200x816.webp\" alt=\"Julio Iglesias, Isabel Preysler y Ch\u00e1beli\" class=\"lazyload\" width=\"1200\" height=\"816\" data-aspectratio=\"1200\/816\"\/>&#13;<\/p>\n<p>El matrimonio anunci\u00f3 el nacimiento de Ch\u00e1beli el 3 de septiembre de 1971.<\/p>\n<p>&#13;Gtres<br \/>\nUn secreto familiar<\/p>\n<p>La extravagante forma de capear el esc\u00e1ndalo se asumi\u00f3 desde el principio en la familia Iglesias Preysler, tanto que la propia socialit\u00e9 reconocer\u00eda en &#8216;\u00a1Hola!&#8217; que su hija conoc\u00eda la historia: \u00abLo supo hace a\u00f1os. Y no le dio nunca la m\u00e1s m\u00ednima importancia. Sabe perfectamente, porque lo ha sentido desde que naci\u00f3, que<strong> ha sido y sigue siendo desde el primer momento una hija muy querid<\/strong>a\u00bb.<\/p>\n<p>Barrientos revela en &#8216;Vanitatis&#8217; una conversaci\u00f3n que Ch\u00e1beli mantuvo con varios amigos y que da cuenta de la naturalidad con la que la hermana de Tamara Falc\u00f3 asume la estramb\u00f3tica historia de su nacimiento. As\u00ed, asegur\u00f3 que celebrar\u00eda su cumplea\u00f1os el 3 de septiembre para \u00abdar oficialidad\u00bb a la fecha. Ante la perplejidad de sus amigos, Ch\u00e1beli Iglesias asever\u00f3: \u00abS\u00ed, porque mi cumplea\u00f1os es antes, <strong>pero como a mami no le salen las cuentas, hay que celebrarlo ahora<\/strong>\u00ab.<\/p>\n<p>Superados ya aquellos tiempos, Ch\u00e1beli Iglesias Preysler ya puede celebrar su cumplea\u00f1os cuando toca, de forma oficiosa y oficial. As\u00ed lo hac\u00eda el pasado 1 de agosto, cuando publicaba un post en Instagram al cumplir 55 a\u00f1os: \u00ab<strong>Celebrando mis 55 a\u00f1os, reflexionando y agradecida con Dios<\/strong> por todo lo que me ha dado y por todo lo que me sigue dando\u00bb, escribi\u00f3.<\/p>\n","protected":false},"excerpt":{"rendered":"Ch\u00e1beli Iglesias cumple 55 a\u00f1os este jueves 3 de septiembre, aunque tambi\u00e9n los cumpl\u00edo el pasado 1 de&hellip;\n","protected":false},"author":2,"featured_media":746047,"comment_status":"","ping_status":"","sticky":false,"template":"","format":"standard","meta":{"footnotes":""},"categories":[174],"tags":[255,146,147,25,24,256,23],"class_list":["post-746046","post","type-post","status-publish","format-standard","has-post-thumbnail","category-famosos","tag-celebrities","tag-entertainment","tag-entretenimiento","tag-es","tag-espana","tag-famosos","tag-spain"],"share_on_mastodon":{"url":"https:\/\/pubeurope.com\/@es\/117208890446947209","error":""},"_links":{"self":[{"href":"https:\/\/www.europesays.com\/es\/wp-json\/wp\/v2\/posts\/746046","targetHints":{"allow":["GET"]}}],"collection":[{"href":"https:\/\/www.europesays.com\/es\/wp-json\/wp\/v2\/posts"}],"about":[{"href":"https:\/\/www.europesays.com\/es\/wp-json\/wp\/v2\/types\/post"}],"author":[{"embeddable":true,"href":"https:\/\/www.europesays.com\/es\/wp-json\/wp\/v2\/users\/2"}],"replies":[{"embeddable":true,"href":"https:\/\/www.europesays.com\/es\/wp-json\/wp\/v2\/comments?post=746046"}],"version-history":[{"count":0,"href":"https:\/\/www.europesays.com\/es\/wp-json\/wp\/v2\/posts\/746046\/revisions"}],"wp:featuredmedia":[{"embeddable":true,"href":"https:\/\/www.europesays.com\/es\/wp-json\/wp\/v2\/media\/746047"}],"wp:attachment":[{"href":"https:\/\/www.europesays.com\/es\/wp-json\/wp\/v2\/media?parent=746046"}],"wp:term":[{"taxonomy":"category","embeddable":true,"href":"https:\/\/www.europesays.com\/es\/wp-json\/wp\/v2\/categories?post=746046"},{"taxonomy":"post_tag","embeddable":true,"href":"https:\/\/www.europesays.com\/es\/wp-json\/wp\/v2\/tags?post=746046"}],"curies":[{"name":"wp","href":"https:\/\/api.w.org\/{rel}","templated":true}]}}