{"id":746060,"date":"2026-09-03T20:08:16","date_gmt":"2026-09-03T20:08:16","guid":{"rendered":"https:\/\/www.europesays.com\/es\/746060\/"},"modified":"2026-09-03T20:08:16","modified_gmt":"2026-09-03T20:08:16","slug":"cifras-y-letras-estrena-nuevos-programas-en-la-2-con-un-bote-historico","status":"publish","type":"post","link":"https:\/\/www.europesays.com\/es\/746060\/","title":{"rendered":"\u00abCifras y Letras\u00bb estrena nuevos programas en La 2 con un bote hist\u00f3rico"},"content":{"rendered":"<p><strong>Cifras y Letras<\/strong>\u00a0regresa el mi\u00e9rcoles 9 de septiembre al prime time de La 2 con nuevos retos, m\u00e1s emoci\u00f3n y un bote que sigue subiendo d\u00eda tras d\u00eda hasta los 251.500 euros, una cantidad que roza la cifra hist\u00f3rica de los 252.500 euros que se embols\u00f3 el mallorqu\u00edn <strong>Jos\u00e9 Antonio Montalb\u00e1n<\/strong> hace casi un a\u00f1o.<\/p>\n<p>El programa m\u00e1s visto de La 2, conducido por <strong>Aitor Albizua<\/strong> junto al experto en matem\u00e1ticas <strong>David Calle<\/strong> y la experta en lengua castellana <strong>Elena Herr\u00e1iz<\/strong>, ofrecer\u00e1 a partir del 9 de septiembre y de lunes a viernes entregas in\u00e9ditas a las 22:00 horas. Pero antes, a las 21:30 horas, los fans del concurso tendr\u00e1n adem\u00e1s de telonero un segundo pase del concurso que servir\u00e1 para refrescar la memoria de los \u2018cifraletreros\u2019 y seguir participando desde casa. El d\u00eda del estreno habr\u00e1 una doble entrega de programas in\u00e9ditos.<\/p>\n<p>El formato, avalado por la <strong>Real Academia Espa\u00f1ola<\/strong> por su rigor y calidad de contenido, cerr\u00f3 en junio la mejor temporada de su historia acumulando una media del 5,8% de share y 711.000 espectadores, mejorando en siete d\u00e9cimas los resultados de la temporada anterior y multiplicando sus datos en plataformas digitales.<\/p>\n<p><img fetchpriority=\"high\" decoding=\"async\" class=\"aligncenter wp-image-54990 size-large\" src=\"https:\/\/www.europesays.com\/es\/wp-content\/uploads\/2026\/09\/03-Presentadores-scaled-e1788442240395-1024x568.jpg\" alt=\"\" width=\"1024\" height=\"568\"  \/><\/p>\n<p>Durante el mes de agosto, Cifras y Letras ha continuado siendo, de lunes a viernes, el programa m\u00e1s visto de La 2, con 518.000 espectadores y un 5,8% de cuota. En su \u00faltima temporada, adem\u00e1s, logr\u00f3 su segundo premio ALMA consecutivo al Mejor Guion de Concurso, sumando este reconocimiento a otros como el FesTVal 2024 y el Iris de la Cr\u00edtica 2024 otorgado por periodistas especializados en televisi\u00f3n.<\/p>\n","protected":false},"excerpt":{"rendered":"Cifras y Letras\u00a0regresa el mi\u00e9rcoles 9 de septiembre al prime time de La 2 con nuevos retos, m\u00e1s&hellip;\n","protected":false},"author":2,"featured_media":746061,"comment_status":"","ping_status":"","sticky":false,"template":"","format":"standard","meta":{"footnotes":""},"categories":[91],"tags":[146,147,25,24,23],"class_list":["post-746060","post","type-post","status-publish","format-standard","has-post-thumbnail","category-entretenimiento","tag-entertainment","tag-entretenimiento","tag-es","tag-espana","tag-spain"],"share_on_mastodon":{"url":"https:\/\/pubeurope.com\/@es\/117208922333141776","error":""},"_links":{"self":[{"href":"https:\/\/www.europesays.com\/es\/wp-json\/wp\/v2\/posts\/746060","targetHints":{"allow":["GET"]}}],"collection":[{"href":"https:\/\/www.europesays.com\/es\/wp-json\/wp\/v2\/posts"}],"about":[{"href":"https:\/\/www.europesays.com\/es\/wp-json\/wp\/v2\/types\/post"}],"author":[{"embeddable":true,"href":"https:\/\/www.europesays.com\/es\/wp-json\/wp\/v2\/users\/2"}],"replies":[{"embeddable":true,"href":"https:\/\/www.europesays.com\/es\/wp-json\/wp\/v2\/comments?post=746060"}],"version-history":[{"count":0,"href":"https:\/\/www.europesays.com\/es\/wp-json\/wp\/v2\/posts\/746060\/revisions"}],"wp:featuredmedia":[{"embeddable":true,"href":"https:\/\/www.europesays.com\/es\/wp-json\/wp\/v2\/media\/746061"}],"wp:attachment":[{"href":"https:\/\/www.europesays.com\/es\/wp-json\/wp\/v2\/media?parent=746060"}],"wp:term":[{"taxonomy":"category","embeddable":true,"href":"https:\/\/www.europesays.com\/es\/wp-json\/wp\/v2\/categories?post=746060"},{"taxonomy":"post_tag","embeddable":true,"href":"https:\/\/www.europesays.com\/es\/wp-json\/wp\/v2\/tags?post=746060"}],"curies":[{"name":"wp","href":"https:\/\/api.w.org\/{rel}","templated":true}]}}