{"id":746064,"date":"2026-09-03T20:10:17","date_gmt":"2026-09-03T20:10:17","guid":{"rendered":"https:\/\/www.europesays.com\/es\/746064\/"},"modified":"2026-09-03T20:10:17","modified_gmt":"2026-09-03T20:10:17","slug":"resumen-diario-nasdaq-oro-y-bitcoin-se-benefician-de-la-caida-de-los-rendimientos-de-los-bonos-03-09-2026","status":"publish","type":"post","link":"https:\/\/www.europesays.com\/es\/746064\/","title":{"rendered":"Resumen diario: Nasdaq, oro y Bitcoin se benefician de la ca\u00edda de los rendimientos de los bonos (03.09.2026)"},"content":{"rendered":"<p data-end=\"498\" data-start=\"113\">Los rendimientos de los bonos del Tesoro estadounidense est\u00e1n borrando una parte significativa de las alzas registradas tras el discurso del presidente de la Reserva Federal, Kevin Warsh, en Jackson Hole. Los rendimientos a 2 a\u00f1os son los que m\u00e1s caen (un 0,9%, o 4 pb), mientras que se observan movimientos menores en los bonos a 10 a\u00f1os (-0,6%, o 2,5 pb) y a 30 a\u00f1os (-0,5%, o 2 pb).<\/p>\n<p><strong>Pol\u00edtica monetaria<\/strong><\/p>\n<p data-end=\"684\" data-start=\"523\">La atenci\u00f3n de hoy se ha centrado en el discurso del miembro del FOMC Christopher Waller y en la publicaci\u00f3n de los datos ADP del mercado laboral estadounidense.<\/p>\n<p data-end=\"889\" data-start=\"686\">Waller present\u00f3 hoy una postura significativamente m\u00e1s dovish que Warsh. A diferencia del presidente de la Fed, pudo exponer los factores espec\u00edficos que monitorear\u00e1 al tomar la decisi\u00f3n de septiembre.<\/p>\n<ul data-end=\"1276\" data-start=\"891\">&#13;<\/p>\n<li data-end=\"1058\" data-section-id=\"iohaei\" data-start=\"891\">Afirm\u00f3 que el proceso de desinflaci\u00f3n contin\u00faa y que la inflaci\u00f3n subyacente parece, en t\u00e9rminos fundamentales, mejor de lo que sugieren los principales indicadores.<\/li>\n<p>&#13;<\/p>\n<li data-end=\"1276\" data-section-id=\"15lujsf\" data-start=\"1059\">Se\u00f1al\u00f3 que, si la pr\u00f3xima lectura de inflaci\u00f3n IPC \u2014prevista para el 11 de septiembre\u2014 no presenta una sorpresa negativa, lo m\u00e1s probable es que apoye mantener las tasas de inter\u00e9s sin cambios en la pr\u00f3xima reuni\u00f3n.<\/li>\n<p>&#13;\n<\/ul>\n<p data-end=\"1482\" data-start=\"1278\">Esto provoc\u00f3 una reevaluaci\u00f3n dovish, es decir, una ca\u00edda de la probabilidad impl\u00edcita en el mercado de una subida de tasas en septiembre. Actualmente se sit\u00faa cerca del 50% (frente a m\u00e1s del 60% ayer).<\/p>\n<p data-end=\"1637\" data-start=\"1484\"><strong data-end=\"1637\" data-start=\"1484\">Figura 1: Cambio en la probabilidad impl\u00edcita del mercado de subidas de tasas de inter\u00e9s en las distintas reuniones de la Reserva Federal (2026-2027)<\/strong><\/p>\n<p style=\"line-height:1.38\"><img decoding=\"async\" height=\"1162\" src=\"https:\/\/www.europesays.com\/es\/wp-content\/uploads\/2026\/09\/image-20260903200654-1.png\" width=\"2048\" loading=\"lazy\"\/><\/p>\n<p data-end=\"1671\" data-start=\"1639\">Fuente: XTB Research, 03.09.2026<\/p>\n<p><strong>Datos macroecon\u00f3micos<\/strong><\/p>\n<p data-end=\"1923\" data-start=\"1699\">El reajuste tambi\u00e9n estuvo influido por los d\u00e9biles datos de ADP, que sirvieron como anticipo del informe NFP de ma\u00f1ana. El n\u00famero de nuevos empleos cay\u00f3 por tercera vez consecutiva, alcanzando su nivel m\u00e1s bajo desde enero.<\/p>\n<ul data-end=\"2210\" data-start=\"1925\">&#13;<\/p>\n<li data-end=\"2121\" data-section-id=\"j8rldt\" data-start=\"1925\">La situaci\u00f3n fue especialmente negativa en el sector manufacturero, donde se perdieron 17.000 empleos. La situaci\u00f3n fue similar en el sector de servicios profesionales y empresariales (-16.000).<\/li>\n<p>&#13;<\/p>\n<li data-end=\"2210\" data-section-id=\"16co297\" data-start=\"2122\">El sector de educaci\u00f3n y salud mostr\u00f3 un desempe\u00f1o significativamente mejor (+45.000).<\/li>\n<p>&#13;\n<\/ul>\n<p><strong>Mercado de divisas<\/strong><\/p>\n<p data-end=\"2561\" data-start=\"2235\">Esto no gener\u00f3 un entorno favorable para el d\u00f3lar, que hoy se debilita frente a todas las dem\u00e1s monedas del G10. La apreciaci\u00f3n del yen, que est\u00e1 recuperando el favor de los inversionistas debido a la ret\u00f3rica cada vez m\u00e1s hawkish de los responsables de pol\u00edtica monetaria del BoJ, tambi\u00e9n parece desfavorable para el d\u00f3lar.<\/p>\n<p data-end=\"2638\" data-start=\"2563\"><strong data-end=\"2638\" data-start=\"2563\">Figura 2: Desempe\u00f1o de las monedas del G10 [frente al USD] (03.09.2026)<\/strong><\/p>\n<p style=\"line-height:1.38\"><img decoding=\"async\" height=\"885\" src=\"https:\/\/www.europesays.com\/es\/wp-content\/uploads\/2026\/09\/image-20260903200654-2.png\" width=\"2048\" loading=\"lazy\"\/><\/p>\n<p data-end=\"2672\" data-start=\"2640\">Fuente: XTB Research, 03.09.2026<\/p>\n<p data-end=\"2954\" data-start=\"2674\">Estamos prestando especial atenci\u00f3n a los mensajes de Hajime Takata, quien se\u00f1al\u00f3 que el banco deber\u00eda actuar de forma m\u00e1s agresiva de lo que espera el mercado, apuntando a la necesidad de subidas din\u00e1micas de las tasas de inter\u00e9s para contener la creciente presi\u00f3n inflacionaria.<\/p>\n<p><strong>Mercado de renta variable<\/strong><\/p>\n<p data-end=\"3030\" data-start=\"2986\"><strong data-end=\"3030\" data-start=\"2986\">Figura 3: Panel del S&amp;P 500 (03.09.2026)<\/strong><\/p>\n<p style=\"line-height:1.38\"><img decoding=\"async\" height=\"1566\" src=\"https:\/\/www.europesays.com\/es\/wp-content\/uploads\/2026\/09\/image-20260903200654-3.png\" width=\"2048\" loading=\"lazy\"\/><\/p>\n<p data-end=\"3064\" data-start=\"3032\">Fuente: XTB Research, 03.09.2026<\/p>\n<p data-end=\"3333\" data-start=\"3066\">La mejora del sentimiento, en gran medida consecuencia de la ca\u00edda de los rendimientos, no se concentr\u00f3 hoy en un solo sector; las compa\u00f1\u00edas tecnol\u00f3gicas, de comunicaciones y financieras mostraron un buen desempe\u00f1o. El sector de materias primas destac\u00f3 positivamente.<\/p>\n<p data-end=\"3508\" data-start=\"3335\">Todas las compa\u00f1\u00edas del tradicional Mag7 registraron alzas. Tesla (+7,2%), Meta (+3,7%), Microsoft (+2,9%) y Nvidia (+2,5%) registraron avances especialmente significativos.<\/p>\n<p data-end=\"3812\" data-start=\"3510\">El alza de hoy en el precio de las acciones de Tesla parece estar directamente relacionada con el estreno del modelo Cybercab, un taxi de dos plazas totalmente aut\u00f3nomo. El mercado est\u00e1 reaccionando con entusiasmo ante la visi\u00f3n de Tesla de lanzar su propia red de veh\u00edculos econ\u00f3micos y sin conductor.<\/p>\n<p data-end=\"3869\" data-start=\"3814\"><strong data-end=\"3869\" data-start=\"3814\">Figura 4: Mapa de calor del Nasdaq 100 (03.09.2026)<\/strong><\/p>\n<p style=\"line-height:1.38\"><img decoding=\"async\" height=\"1184\" src=\"https:\/\/www.europesays.com\/es\/wp-content\/uploads\/2026\/09\/image-20260903200654-4.png\" width=\"2048\" loading=\"lazy\"\/><\/p>\n<p style=\"line-height:1.38\">Fuente: XTB Research, 03.09.2026<\/p>\n<p style=\"color:rgba(24,24,30,0.4); font-size: 12px; text-align: justify;\">El contenido que se presenta en la secci\u00f3n de FORMACI\u00d3N s\u00f3lo tiene fines informativos, educativos y de apoyo para utilizar la plataforma. El material presentado, incluyendo los an\u00e1lisis, precios, opiniones u otros contenidos, no es una recomendaci\u00f3n de inversi\u00f3n o informaci\u00f3n que recomiende o sugiera una estrategia de inversi\u00f3n ni se incluye en el \u00e1mbito del asesoramiento en materia de inversi\u00f3n recogido en la Ley 6\/2023 de los Mercados de Valores y de los Servicios de Inversi\u00f3n (art\u00edculo 125.1 g). Este v\u00eddeo se ha preparado sin tener en cuenta las necesidades del cliente ni su situaci\u00f3n financiera individual.<br \/>&#13;<br \/>\nXTB no aceptar\u00e1 responsabilidad por ning\u00fan tipo de p\u00e9rdidas o da\u00f1os, incluyendo, entre otros, cualquier lucro cesante, que pueda surgir directa o indirectamente del uso o dependencia de la informaci\u00f3n incluida en este v\u00eddeo. XTB S.A. no es responsable de las acciones u omisiones del cliente, especialmente por la adquisici\u00f3n o disposici\u00f3n de instrumentos financieros, realizados con base en la informaci\u00f3n que contiene este v\u00eddeo.<br \/>&#13;<br \/>\nEl rendimiento pasado no es necesariamente indicativo de resultados futuros y cualquier persona que act\u00fae sobre esta informaci\u00f3n lo hace bajo su propio riesgo.<br \/>&#13;<br \/>\nCopyright \u00a9 XTB S.A. Todos los derechos reservados. Est\u00e1 prohibido copiar, modificar y distribuir este v\u00eddeo sin el consentimiento expreso de XTB S.A.<\/p>\n","protected":false},"excerpt":{"rendered":"Los rendimientos de los bonos del Tesoro estadounidense est\u00e1n borrando una parte significativa de las alzas registradas tras&hellip;\n","protected":false},"author":2,"featured_media":746065,"comment_status":"","ping_status":"","sticky":false,"template":"","format":"standard","meta":{"footnotes":""},"categories":[80],"tags":[82,95,94,25,24,23],"class_list":["post-746064","post","type-post","status-publish","format-standard","has-post-thumbnail","category-economia","tag-business","tag-economia","tag-economy","tag-es","tag-espana","tag-spain"],"share_on_mastodon":{"url":"https:\/\/pubeurope.com\/@es\/117208930858300248","error":""},"_links":{"self":[{"href":"https:\/\/www.europesays.com\/es\/wp-json\/wp\/v2\/posts\/746064","targetHints":{"allow":["GET"]}}],"collection":[{"href":"https:\/\/www.europesays.com\/es\/wp-json\/wp\/v2\/posts"}],"about":[{"href":"https:\/\/www.europesays.com\/es\/wp-json\/wp\/v2\/types\/post"}],"author":[{"embeddable":true,"href":"https:\/\/www.europesays.com\/es\/wp-json\/wp\/v2\/users\/2"}],"replies":[{"embeddable":true,"href":"https:\/\/www.europesays.com\/es\/wp-json\/wp\/v2\/comments?post=746064"}],"version-history":[{"count":0,"href":"https:\/\/www.europesays.com\/es\/wp-json\/wp\/v2\/posts\/746064\/revisions"}],"wp:featuredmedia":[{"embeddable":true,"href":"https:\/\/www.europesays.com\/es\/wp-json\/wp\/v2\/media\/746065"}],"wp:attachment":[{"href":"https:\/\/www.europesays.com\/es\/wp-json\/wp\/v2\/media?parent=746064"}],"wp:term":[{"taxonomy":"category","embeddable":true,"href":"https:\/\/www.europesays.com\/es\/wp-json\/wp\/v2\/categories?post=746064"},{"taxonomy":"post_tag","embeddable":true,"href":"https:\/\/www.europesays.com\/es\/wp-json\/wp\/v2\/tags?post=746064"}],"curies":[{"name":"wp","href":"https:\/\/api.w.org\/{rel}","templated":true}]}}