{"id":746068,"date":"2026-09-03T20:12:14","date_gmt":"2026-09-03T20:12:14","guid":{"rendered":"https:\/\/www.europesays.com\/es\/746068\/"},"modified":"2026-09-03T20:12:14","modified_gmt":"2026-09-03T20:12:14","slug":"trump-critica-a-espana-y-su-gestion-de-la-crisis-en-ceuta","status":"publish","type":"post","link":"https:\/\/www.europesays.com\/es\/746068\/","title":{"rendered":"Trump critica a Espa\u00f1a y su gesti\u00f3n de la crisis en Ceuta"},"content":{"rendered":"<p>El presidente de Estados Unidos, <strong>Donald Trump<\/strong>, ha calificado este jueves a Espa\u00f1a como \u00abpa\u00eds arruinado\u00bb y ha afirmado que la entrada masiva de migrantes a Ceuta fue \u00abmuy triste de ver\u00bb. <\/p>\n<p>El presidente estadounidense ha hecho referencia a la crisis migratoria que desde hace m\u00e1s de un mes vive la ciudad aut\u00f3noma en una entrevista con el canal brit\u00e1nico GB News, en la que ha lamentado la imagen de  \u00abmiles de personas irrumpiendo en masa en su pa\u00eds\u00bb. \u00ab<strong>Nunca he visto nada igual\u00bb<\/strong>, ha aseverado.<\/p>\n<p>A su juicio, esa entrada obedece a <strong>\u00ableyes d\u00e9biles\u00bb y \u00abmala gesti\u00f3n\u00bb por parte del Gobierno de S\u00e1nchez<\/strong>, para afirmar que \u00ablas autoridades espa\u00f1olas no sab\u00edan qu\u00e9 hacer\u00bb ante la llegada masiva de  personas. <\/p>\n<p>\u00abAlgo similar ocurrir\u00e1 en EE.UU. si ganan los dem\u00f3cratas\u00bb<\/p>\n<p>Ha aprovechado adem\u00e1s este asunto para llevarlo a su terreno y hacer campa\u00f1a en el marco de la precampa\u00f1a de las elecciones legislativas del pr\u00f3ximo 3 de noviembre, al advertir a los estadounidenses de que <strong>algo similar ocurrir\u00e1 en su pa\u00eds si los dem\u00f3cratas regresan al poder<\/strong>. <\/p>\n<p>No es la primera vez que Trump lanza duras cr\u00edticas sobre el Gobierno espa\u00f1ol, por su postura sobre el gasto militar, principalmente, y su negativa a autorizar el uso de bases militares en su territorio para abastecer a aviones de combate estadounidenses que participan en la guerra de Ir\u00e1n.<\/p>\n<p>\u00abEspa\u00f1a ser\u00e1 un pa\u00eds arruinado. Tengo problemas con Espa\u00f1a porque<strong> no se est\u00e1 comportando demasiado bien con respecto a la OTAN <\/strong>y no paga lo que deber\u00eda pagar\u00bb.<\/p>\n<p>Trump considera \u00abterrible\u00bb esta situaci\u00f3n porque, ha dicho, los dem\u00e1s pa\u00edses de la Alianza Atl\u00e1ntica aceptaron elevar el gasto militar, mientras que Espa\u00f1a \u00abdice: &#8216;Yo no pago'\u00bb.<\/p>\n<p>Milei carga contra S\u00e1nchez: \u00abAllana el camino a hordas extranjeras\u00bb<\/p>\n<p>Trump no es el \u00fanico mandatario extranjero que ha lanzado cr\u00edticas contra el presidente del Gobierno por su gesti\u00f3n de la crisis migratoria. El presidente de Argentina, Javier Milei, ha dicho que S\u00e1nchez \u00abest\u00e1 m\u00e1s sucio que una papa\u00bb, \u00abrodeado de gentuza\u00bb y le ha acusado de estar \u00ab<strong>facilitando la inmigraci\u00f3n descontrolada\u00bb<\/strong> y \u00aballanando el camino para las hordas extranjeras que terminar\u00e1n reemplaz\u00e1ndolos\u00bb.<\/p>\n<p>Durante su intervenci\u00f3n en Santiago de Chile en el Foro Madrid, la alianza internacional impulsada por la fundaci\u00f3n espa\u00f1ola de extrema derecha Disenso, Milei se refiri\u00f3 a S\u00e1nchez como ejemplo de la izquierda europea a la que \u00absolo les interesa esparcir su ideolog\u00eda para volver a conquistar el poder sobre las arcas p\u00fablicas para usarlas como bot\u00edn de guerra\u00bb.<\/p>\n<p>A su juicio, S\u00e1nchez y el PSOE est\u00e1n \u00abfacilitando la inmigraci\u00f3n descontrolada\u00bb por un lado y \u00abdegradando la identidad espa\u00f1ola\u00bb por el otro: \u00abLes ense\u00f1an a los espa\u00f1oles a odiarse y tener verg\u00fcenza de s\u00ed mismos allanando el camino para las hordas extranjeras que terminar\u00e1n reemplaz\u00e1ndolos\u00bb.<\/p>\n","protected":false},"excerpt":{"rendered":"El presidente de Estados Unidos, Donald Trump, ha calificado este jueves a Espa\u00f1a como \u00abpa\u00eds arruinado\u00bb y ha&hellip;\n","protected":false},"author":2,"featured_media":746069,"comment_status":"","ping_status":"","sticky":false,"template":"","format":"standard","meta":{"footnotes":""},"categories":[8],"tags":[17,18,25,24,13,14,11,19,20,9,10,15,16,23,12,21,22],"class_list":["post-746068","post","type-post","status-publish","format-standard","has-post-thumbnail","category-espana","tag-breaking-news","tag-breakingnews","tag-es","tag-espana","tag-featured-news","tag-featurednews","tag-headlines","tag-latest-news","tag-latestnews","tag-news","tag-noticias","tag-noticias-destacadas","tag-noticiasdestacadas","tag-spain","tag-titulares","tag-ultimas-noticias","tag-ultimasnoticias"],"share_on_mastodon":{"url":"https:\/\/pubeurope.com\/@es\/117208936921488919","error":""},"_links":{"self":[{"href":"https:\/\/www.europesays.com\/es\/wp-json\/wp\/v2\/posts\/746068","targetHints":{"allow":["GET"]}}],"collection":[{"href":"https:\/\/www.europesays.com\/es\/wp-json\/wp\/v2\/posts"}],"about":[{"href":"https:\/\/www.europesays.com\/es\/wp-json\/wp\/v2\/types\/post"}],"author":[{"embeddable":true,"href":"https:\/\/www.europesays.com\/es\/wp-json\/wp\/v2\/users\/2"}],"replies":[{"embeddable":true,"href":"https:\/\/www.europesays.com\/es\/wp-json\/wp\/v2\/comments?post=746068"}],"version-history":[{"count":0,"href":"https:\/\/www.europesays.com\/es\/wp-json\/wp\/v2\/posts\/746068\/revisions"}],"wp:featuredmedia":[{"embeddable":true,"href":"https:\/\/www.europesays.com\/es\/wp-json\/wp\/v2\/media\/746069"}],"wp:attachment":[{"href":"https:\/\/www.europesays.com\/es\/wp-json\/wp\/v2\/media?parent=746068"}],"wp:term":[{"taxonomy":"category","embeddable":true,"href":"https:\/\/www.europesays.com\/es\/wp-json\/wp\/v2\/categories?post=746068"},{"taxonomy":"post_tag","embeddable":true,"href":"https:\/\/www.europesays.com\/es\/wp-json\/wp\/v2\/tags?post=746068"}],"curies":[{"name":"wp","href":"https:\/\/api.w.org\/{rel}","templated":true}]}}