{"id":746072,"date":"2026-09-03T20:17:14","date_gmt":"2026-09-03T20:17:14","guid":{"rendered":"https:\/\/www.europesays.com\/es\/746072\/"},"modified":"2026-09-03T20:17:14","modified_gmt":"2026-09-03T20:17:14","slug":"reed-logra-uno-de-los-mejores-golpes-del-dia-en-suelo-suizo","status":"publish","type":"post","link":"https:\/\/www.europesays.com\/es\/746072\/","title":{"rendered":"Reed logra uno de los mejores golpes del d\u00eda en suelo suizo"},"content":{"rendered":"<p>Un gran birdie de Reed en la pen\u00faltima bandera permite al americano situarse en el Top 12, un solo impacto por detr\u00e1s del Top 10<img fetchpriority=\"high\" decoding=\"async\" class=\"wp-image-334095 size-full\" src=\"https:\/\/www.europesays.com\/es\/wp-content\/uploads\/2026\/09\/DPWT-Omega-European-Masters-26-j1-Crans-sur-Sierre-GC-Patrick-Reed-Videos-de-Golf.jpg\" alt=\"DPWT, Omega European Masters 26 j1, Crans-sur-Sierre GC, Patrick Reed, Videos de Golf,\" width=\"1500\" height=\"1000\"  \/>Patrick Reed se sit\u00faa muy cerca de los diez primeros lugares.<\/p>\n<p style=\"text-align: justify;\">Sin lugar a dudas es uno de los <strong>mejores golpes<\/strong> de esta primera jornada en el <strong>Omega European Masters<\/strong>. Su autor es <strong>Patrick Reed<\/strong>, quien se ha colocado a un impacto del <strong>Top 10<\/strong> despu\u00e9s de un d\u00eda en el que ha conseguido <strong>media docena<\/strong> de birdies sin errores. Su gran golpe lleg\u00f3 en el <strong>17<\/strong>, su pen\u00faltima bandera.<\/p>\n<p style=\"text-align: justify;\">Un hoyo en el que logr\u00f3 el <strong>birdie<\/strong> despu\u00e9s de un <strong><a style=\"color: #008000;\" href=\"https:\/\/x.com\/DPWorldTour\/status\/2095553722948485155\" target=\"_blank\" rel=\"noopener nofollow\">espectacular disparo desde el rough<\/a><\/strong>. Tanto fue as\u00ed que al americano se le escap\u00f3 una <strong>sonrisa<\/strong> al ver la bola situarse a <strong>escasos cent\u00edmetros<\/strong> del agujero.<\/p>\n<blockquote class=\"twitter-tweet\">\n<p dir=\"ltr\" lang=\"en\">Shot of the week?!<\/p>\n<p>Patrick Reed that is UNBELIEVABLE \ud83e\udd2f<a href=\"https:\/\/x.com\/hashtag\/OEM2026?src=hash&amp;ref_src=twsrc%5Etfw\" rel=\"nofollow\">#OEM2026<\/a> <a href=\"https:\/\/t.co\/thYtG2v3dI\" rel=\"nofollow\">pic.twitter.com\/thYtG2v3dI<\/a><\/p>\n<p>\u2014 DP World Tour (@DPWorldTour) <a href=\"https:\/\/x.com\/DPWorldTour\/status\/2095553722948485155?ref_src=twsrc%5Etfw\" rel=\"nofollow\">September 3, 2026<\/a><\/p>\n<\/blockquote>\n<p><a style=\"color: #008000;\" href=\"https:\/\/opengolf.es\/circuitos\/siga-aqui-y-en-directo-los-marcadores-de-todos-los-circuitos-en-juego-4\/\" target=\"_blank\" rel=\"noopener nofollow\">Ver CLASIFICACI\u00d3N<\/a><script async src=\"https:\/\/platform.twitter.com\/widgets.js\" charset=\"utf-8\"><\/script><\/p>\n","protected":false},"excerpt":{"rendered":"Un gran birdie de Reed en la pen\u00faltima bandera permite al americano situarse en el Top 12, un&hellip;\n","protected":false},"author":2,"featured_media":746073,"comment_status":"","ping_status":"","sticky":false,"template":"","format":"standard","meta":{"footnotes":""},"categories":[275],"tags":[132424,168,7316,25,24,329,29061,21479,23,167,1040],"class_list":["post-746072","post","type-post","status-publish","format-standard","has-post-thumbnail","category-golf","tag-crans-sur-sierre","tag-deportes","tag-dp-world-tour","tag-es","tag-espana","tag-golf","tag-omega-european-masters","tag-patrick-reed","tag-spain","tag-sports","tag-videos-de-golf"],"share_on_mastodon":{"url":"https:\/\/pubeurope.com\/@es\/117208957854574401","error":""},"_links":{"self":[{"href":"https:\/\/www.europesays.com\/es\/wp-json\/wp\/v2\/posts\/746072","targetHints":{"allow":["GET"]}}],"collection":[{"href":"https:\/\/www.europesays.com\/es\/wp-json\/wp\/v2\/posts"}],"about":[{"href":"https:\/\/www.europesays.com\/es\/wp-json\/wp\/v2\/types\/post"}],"author":[{"embeddable":true,"href":"https:\/\/www.europesays.com\/es\/wp-json\/wp\/v2\/users\/2"}],"replies":[{"embeddable":true,"href":"https:\/\/www.europesays.com\/es\/wp-json\/wp\/v2\/comments?post=746072"}],"version-history":[{"count":0,"href":"https:\/\/www.europesays.com\/es\/wp-json\/wp\/v2\/posts\/746072\/revisions"}],"wp:featuredmedia":[{"embeddable":true,"href":"https:\/\/www.europesays.com\/es\/wp-json\/wp\/v2\/media\/746073"}],"wp:attachment":[{"href":"https:\/\/www.europesays.com\/es\/wp-json\/wp\/v2\/media?parent=746072"}],"wp:term":[{"taxonomy":"category","embeddable":true,"href":"https:\/\/www.europesays.com\/es\/wp-json\/wp\/v2\/categories?post=746072"},{"taxonomy":"post_tag","embeddable":true,"href":"https:\/\/www.europesays.com\/es\/wp-json\/wp\/v2\/tags?post=746072"}],"curies":[{"name":"wp","href":"https:\/\/api.w.org\/{rel}","templated":true}]}}