{"id":746080,"date":"2026-09-03T20:22:14","date_gmt":"2026-09-03T20:22:14","guid":{"rendered":"https:\/\/www.europesays.com\/es\/746080\/"},"modified":"2026-09-03T20:22:14","modified_gmt":"2026-09-03T20:22:14","slug":"el-barca-con-hamza-y-bisiwu-en-la-lista-a-de-la-champions-league-y-farinas-en-la-b","status":"publish","type":"post","link":"https:\/\/www.europesays.com\/es\/746080\/","title":{"rendered":"El Bar\u00e7a, con Hamza y Bisiwu en la lista A de la Champions League y Fari\u00f1as, en la B"},"content":{"rendered":"<p>                        <img loading=\"auto\" alt=\"El Bar\u00e7a, con Hamza y Bisiwu en la lista A de la Champions y Fari\u00f1as, en la B\" width=\"449\" height=\"221\" src=\"https:\/\/imagenes2.mundodeportivo.com\/files\/image_449_221\/files\/fp\/uploads\/2026\/09\/03\/6a99c306b4e68.r_d.729-414-3289.jpeg\" data-full-src=\"https:\/\/www.europesays.com\/es\/wp-content\/uploads\/2026\/09\/6a99c306b4e68.jpeg\" decoding=\"async\" fetchpriority=\"high\"\/>Hamza Abdelkarim podr\u00e1 jugar la Champions con el Bar\u00e7aUEFA<img decoding=\"async\" alt=\"El Bar\u00e7a, con Hamza y Bisiwu en la lista A de la Champions y Fari\u00f1as, en la B\" width=\"60\" height=\"60\" src=\"https:\/\/www.europesays.com\/es\/wp-content\/uploads\/2026\/09\/60fef04fa8076.png\" loading=\"lazy\"\/><\/p>\n<p class=\"c-detail__info__more\">Actualizado el 03\/09\/2026 21:26 CEST<\/p>\n<p data-gtm-element-container=\"modulo-texto-link\" class=\"paragraph\">El <strong>FC Barcelona <\/strong>envi\u00f3 a la UEFA antes de la medianoche de ayer la lista A de 25 jugadores con ficha del primer equipo para participar en la &#8216;fase liga&#8217; de la <strong>Champions League <\/strong>2026-27. En ella est\u00e1n <strong>Hamza\u00a0Abdelkarim <\/strong>y <strong>Jesse Bisiwu <\/strong>pero no <strong>Roony Bardghji<\/strong>, descartado por el club azulgrana debido a que la grave lesi\u00f3n de rodilla le mantendr\u00e1 apartado toda la temporada.<\/p>\n<p><img decoding=\"async\" loading=\"lazy\" alt=\"Jesse Bisiwu, disponible para la Champions League\" src=\"https:\/\/imagenes2.mundodeportivo.com\/files\/content_image_mobile_filter\/uploads\/2026\/09\/03\/6a99c4dc48ee6.jpeg\" data-full-src=\"https:\/\/www.europesays.com\/es\/wp-content\/uploads\/2026\/09\/6a99c4dc48ee6.jpeg\"\/>Jesse Bisiwu, disponible para la Champions LeagueUEFA<\/p>\n<p data-gtm-element-container=\"modulo-texto-link\" class=\"paragraph\">El egipcio y el belga mantienen el dorsal 29 y 27, respectivamente, que llevar\u00e1n en LaLiga con ficha del filial pero para poder jugar en la <strong>Copa de Europa <\/strong>deb\u00edan ser incluidos en la lista A de futbolistas como si fueran del primer equipo ya que no llevan dos a\u00f1os de forma ininterrumpida en la cantera o tres a\u00f1os consecutivos con una cesi\u00f3n m\u00e1xima de un a\u00f1o a otro equipo de su misma federaci\u00f3n para poder formar parte de la lista B.\u00a0<\/p>\n<p><img decoding=\"async\" loading=\"lazy\" alt=\"Brian Fari\u00f1as, con el dorsal 28 para la Champions League\" src=\"https:\/\/imagenes2.mundodeportivo.com\/files\/content_image_mobile_filter\/uploads\/2026\/09\/03\/6a99c5050f476.jpeg\" data-full-src=\"https:\/\/www.europesays.com\/es\/wp-content\/uploads\/2026\/09\/6a99c5050f476.jpeg\"\/>Brian Fari\u00f1as, con el dorsal 28 para la Champions LeagueUEFA<\/p>\n<p data-gtm-element-container=\"modulo-texto-link\" class=\"paragraph\">En la relaci\u00f3n de jugadores de la casa, que puede actualizarse hasta 24 horas antes de un partido, s\u00ed est\u00e1 <strong>Brian Fari\u00f1as.<\/strong> El mediocentro del <strong>Bar\u00e7a<\/strong>, que ya tiene dorsal (4) del primer equipo en LaLiga, estar\u00e1 disponible en la <strong>Champions <\/strong>con el dorsal 28<strong>\u00a0<\/strong>como miembro de la lista B al igual que el resto de canteranos.<\/p>\n<p>{\u00aballowComment\u00bb:\u00bballowed\u00bb,\u00bbarticleId\u00bb:\u00bbarticle-1004223091&#8243;,\u00bburl\u00bb:\u00bbhttps:\\\/\\\/www.mundodeportivo.com\\\/futbol\\\/fc-barcelona\\\/20260903\\\/1004223091\\\/barca-hamza-bisiwu-lista-champions-farinas-b.html\u00bb,\u00bblivefyre-url\u00bb:\u00bbarticle-1004223091&#8243;}<\/p>\n<p>Cargando siguiente contenido&#8230;\n                <\/p>\n","protected":false},"excerpt":{"rendered":"Hamza Abdelkarim podr\u00e1 jugar la Champions con el Bar\u00e7aUEFA Actualizado el 03\/09\/2026 21:26 CEST El FC Barcelona envi\u00f3&hellip;\n","protected":false},"author":2,"featured_media":746081,"comment_status":"","ping_status":"","sticky":false,"template":"","format":"standard","meta":{"footnotes":""},"categories":[268],"tags":[168,25,24,280,282,281,23,167],"class_list":["post-746080","post","type-post","status-publish","format-standard","has-post-thumbnail","category-futbol","tag-deportes","tag-es","tag-espana","tag-football","tag-futbol","tag-soccer","tag-spain","tag-sports"],"share_on_mastodon":{"url":"https:\/\/pubeurope.com\/@es\/117208976947768380","error":""},"_links":{"self":[{"href":"https:\/\/www.europesays.com\/es\/wp-json\/wp\/v2\/posts\/746080","targetHints":{"allow":["GET"]}}],"collection":[{"href":"https:\/\/www.europesays.com\/es\/wp-json\/wp\/v2\/posts"}],"about":[{"href":"https:\/\/www.europesays.com\/es\/wp-json\/wp\/v2\/types\/post"}],"author":[{"embeddable":true,"href":"https:\/\/www.europesays.com\/es\/wp-json\/wp\/v2\/users\/2"}],"replies":[{"embeddable":true,"href":"https:\/\/www.europesays.com\/es\/wp-json\/wp\/v2\/comments?post=746080"}],"version-history":[{"count":0,"href":"https:\/\/www.europesays.com\/es\/wp-json\/wp\/v2\/posts\/746080\/revisions"}],"wp:featuredmedia":[{"embeddable":true,"href":"https:\/\/www.europesays.com\/es\/wp-json\/wp\/v2\/media\/746081"}],"wp:attachment":[{"href":"https:\/\/www.europesays.com\/es\/wp-json\/wp\/v2\/media?parent=746080"}],"wp:term":[{"taxonomy":"category","embeddable":true,"href":"https:\/\/www.europesays.com\/es\/wp-json\/wp\/v2\/categories?post=746080"},{"taxonomy":"post_tag","embeddable":true,"href":"https:\/\/www.europesays.com\/es\/wp-json\/wp\/v2\/tags?post=746080"}],"curies":[{"name":"wp","href":"https:\/\/api.w.org\/{rel}","templated":true}]}}