{"id":746082,"date":"2026-09-03T20:23:20","date_gmt":"2026-09-03T20:23:20","guid":{"rendered":"https:\/\/www.europesays.com\/es\/746082\/"},"modified":"2026-09-03T20:23:20","modified_gmt":"2026-09-03T20:23:20","slug":"alba-diaz-se-somete-a-un-cambio-de-look-radical-ahora-soy-un-tocino-de-cielo","status":"publish","type":"post","link":"https:\/\/www.europesays.com\/es\/746082\/","title":{"rendered":"Alba D\u00edaz se somete a un cambio de look radical: \u201cAhora soy un tocino de cielo\u201d"},"content":{"rendered":"<p>  <a href=\"https:\/\/www.telecinco.es\/autores\/natalia-sette\/#utm_source=autor\" class=\"_link_wqi6a_1\" rel=\"author nofollow noopener\" target=\"_self\"><img decoding=\"async\" class=\"_authorImage_tnk8f_26\" src=\"https:\/\/www.europesays.com\/es\/wp-content\/uploads\/2026\/09\/1788466996_753_natalia-sette-autor-tn_da39.jpg\" alt=\"Natalia Sette\" loading=\"lazy\" width=\"100\" height=\"100\"\/><\/a>  Compartir  <\/p>\n<p class=\"_container_r6ld5_1 _container_1uguc_1 &#10;    color_eta\"><strong>Alba D\u00edaz Mart\u00edn <\/strong>contin\u00faa atravesando un momento pleno a todos los niveles. Tras celebrar por todo lo alto <a href=\"https:\/\/www.telecinco.es\/famosos\/20260804\/alba-diaz-novio-marquitos-celebran-3-anos-juntos-original-video_18_019885677.html\" rel=\"nofollow noopener\" target=\"_blank\">su tercer aniversario junto al cantante Marcos Terrones<\/a>, presumiendo de la s\u00f3lida etapa que atraviesan, la hija de Vicky Mart\u00edn Berrocal y Manuel D\u00edaz &#8216;El Cordob\u00e9s&#8217; ha decidido <strong>someterse a un cambio de look radical y convertirse en un \u201ctocino de cielo\u201d.<\/strong><\/p>\n<p class=\"_container_r6ld5_1 _container_1uguc_1 &#10;    color_eta\">Adicta a las <a href=\"https:\/\/www.telecinco.es\/famosos\/20260212\/alba-diaz-comentado-cambio-look-imita-aitana-dakota-johnson_18_018335419.html\" rel=\"nofollow noopener\" target=\"_blank\">transformaciones de pelo constantes<\/a>, la influencer ha sorprendido a su medio mill\u00f3n de seguidores mostrando el paso a paso de su paso por la peluquer\u00eda para decir adi\u00f3s a su habitual melena oscura. \u201cSe acab\u00f3 esta etapa de mi vida, ya ha sido suficiente. <strong>Adi\u00f3s al moreno, gracias por ayudarme a ser una tipa m\u00e1s dura, ahora quiero ser un tocino de cielo<\/strong>\u201d, ha anunciado con su naturalidad habitual.<\/p>\n<p>PUEDE INTERESARTE<img decoding=\"async\" class=\"_img_3k3b1_9\" loading=\"lazy\" src=\"https:\/\/www.europesays.com\/es\/wp-content\/uploads\/2026\/09\/alba-diaz-muestra-la-realidad-de-su-cuerpo-tras-engordar-6-kilos-16-9-aspect-ratio-default-0_da39.jp.webp\" alt=\"Alba D\u00edaz muestra la realidad de su cuerpo tras engordar 6 kilos\"\/>Alba D\u00edaz muestra la realidad de su cuerpo tras engordar 6 kilos<\/p>\n<p class=\"_container_r6ld5_1 _container_1uguc_1 &#10;    color_eta\">Fiel a su esp\u00edritu inquieto, la creadora de contenido ha justificado este importante cambio. \u201cNo me puedo estar quieta: cambio en mi vida, cambio en mi pelo\u201d, ha explicado a su comunidad. Para la joven, las transformaciones est\u00e9ticas deben ser dr\u00e1sticas para cumplir su cometido: \u201cEs un cambio radical, es el tipo de cambio que a m\u00ed me gusta. <strong>Me gusta mirarme dentro de ocho horas y ser otra persona<\/strong>\u201d.<\/p>\n<p>PUEDE INTERESARTE<\/p>\n<p class=\"_container_r6ld5_1 _container_1uguc_1 &#10;    color_eta\">Durante el video publicado en su Instagram, la joven ha documentado cada fase del proceso de decoloraci\u00f3n. El camino hacia el resultado final no ha estado exento de divertidas sorpresas para la propia creadora de contenido, que no dud\u00f3 en bromear antes de llegar al color definitivo: <strong>\u201cHe sido pelirroja durante 10 minutos\u201d<\/strong>.<\/p>\n<p><img decoding=\"async\" src=\"https:\/\/www.europesays.com\/es\/wp-content\/uploads\/2026\/09\/1788466998_609_telecinco-cta-1-1-aspect-ratio-default-0_da39.png\" alt=\"Canal Whatsapp Telecinco\" class=\"_image_11r58_77\" width=\"1600\" height=\"1600\" loading=\"lazy\"\/>Canal de Whatsapp de Telecinco<a href=\"https:\/\/whatsapp.com\/channel\/0029VaAac2d7T8bVLSsocg3X\" class=\"_subscribeButton_11r58_29 _whatsapp_11r58_41 _linkByTemplate_wqi6a_15\" rel=\"nofollow noopener\" target=\"_blank\">\u00danete<\/a><\/p>\n<p class=\"_container_r6ld5_1 _container_1uguc_1 &#10;    color_eta\">Tras varias horas de trabajo, la influencer se ha <strong>mostrado absolutamente impactada y feliz al contemplar el impresionante resultado final<\/strong> con tonos rubios luminosos. \u201cEl resultado es para que os desmay\u00e9is, es el antes y despu\u00e9s m\u00e1s conseguido de mi vida\u201d, ha declarado maravillada ante la c\u00e1mara al verse completamente transformada.<\/p>\n<p><img decoding=\"async\" src=\"https:\/\/www.europesays.com\/es\/wp-content\/uploads\/2026\/09\/1788467000_633_google-news-1-1-aspect-ratio-default-0_da39-2.png\" alt=\"Google news Telecinco\" class=\"_image_11r58_77\" width=\"1600\" height=\"1600\" loading=\"lazy\"\/>Toda la actualidad de Telecinco en Google News<a href=\"https:\/\/news.google.com\/publications\/CAAqJggKIiBDQklTRWdnTWFnNEtESFJsYkdWamFXNWpieTVsY3lnQVAB?hl=es&amp;gl=ES&amp;ceid=ES%3Aes\" class=\"_subscribeButton_11r58_29 _googlenews_11r58_44 _linkByTemplate_wqi6a_15\" rel=\"nofollow noopener\" target=\"_self\">S\u00edguenos<\/a><\/p>\n<p class=\"_container_r6ld5_1 _container_1uguc_1 &#10;    color_eta\">Agradecida por como ha quedado su cabello tras someterlo a un proceso qu\u00edmico tan exigente, la hija del diestro no ha dudado en deshacerse en halagos hacia su estilista de confianza. \u201cSe puede decir que Dani tiene un don. Pasar de negro a esto y que encima el pelo luzca sano e hidratado&#8230; <strong>Ha quedado precioso<\/strong>, \u00bfos gusta?\u201d, ha concluido entusiasmada Alba D\u00edaz.\u00a0<\/p>\n<p class=\"_container_r6ld5_1 _container_1uguc_1 &#10;    color_eta\">Su comunidad se seguidores no ha tardado en reaccionar. La mayor\u00eda de ellos coincide en que el nuevo color escogido por la creadora de contenido le sienta fenomenal. \u201cGuap\u00edsima\u201d, \u201cperfecta\u201d o <strong>\u201cte queda mucho mejor ese color clarito\u201d<\/strong> son varios de los comentarios que le han dejado, confirmando que el cambio ha sido totalmente acertado. <\/p>\n","protected":false},"excerpt":{"rendered":"Compartir Alba D\u00edaz Mart\u00edn contin\u00faa atravesando un momento pleno a todos los niveles. Tras celebrar por todo lo&hellip;\n","protected":false},"author":2,"featured_media":746083,"comment_status":"","ping_status":"","sticky":false,"template":"","format":"standard","meta":{"footnotes":""},"categories":[174],"tags":[255,146,147,25,24,256,23],"class_list":["post-746082","post","type-post","status-publish","format-standard","has-post-thumbnail","category-famosos","tag-celebrities","tag-entertainment","tag-entretenimiento","tag-es","tag-espana","tag-famosos","tag-spain"],"share_on_mastodon":{"url":"https:\/\/pubeurope.com\/@es\/117208981805893953","error":""},"_links":{"self":[{"href":"https:\/\/www.europesays.com\/es\/wp-json\/wp\/v2\/posts\/746082","targetHints":{"allow":["GET"]}}],"collection":[{"href":"https:\/\/www.europesays.com\/es\/wp-json\/wp\/v2\/posts"}],"about":[{"href":"https:\/\/www.europesays.com\/es\/wp-json\/wp\/v2\/types\/post"}],"author":[{"embeddable":true,"href":"https:\/\/www.europesays.com\/es\/wp-json\/wp\/v2\/users\/2"}],"replies":[{"embeddable":true,"href":"https:\/\/www.europesays.com\/es\/wp-json\/wp\/v2\/comments?post=746082"}],"version-history":[{"count":0,"href":"https:\/\/www.europesays.com\/es\/wp-json\/wp\/v2\/posts\/746082\/revisions"}],"wp:featuredmedia":[{"embeddable":true,"href":"https:\/\/www.europesays.com\/es\/wp-json\/wp\/v2\/media\/746083"}],"wp:attachment":[{"href":"https:\/\/www.europesays.com\/es\/wp-json\/wp\/v2\/media?parent=746082"}],"wp:term":[{"taxonomy":"category","embeddable":true,"href":"https:\/\/www.europesays.com\/es\/wp-json\/wp\/v2\/categories?post=746082"},{"taxonomy":"post_tag","embeddable":true,"href":"https:\/\/www.europesays.com\/es\/wp-json\/wp\/v2\/tags?post=746082"}],"curies":[{"name":"wp","href":"https:\/\/api.w.org\/{rel}","templated":true}]}}