{"id":746084,"date":"2026-09-03T20:24:21","date_gmt":"2026-09-03T20:24:21","guid":{"rendered":"https:\/\/www.europesays.com\/es\/746084\/"},"modified":"2026-09-03T20:24:21","modified_gmt":"2026-09-03T20:24:21","slug":"celebrando-a-la-disenadora-legendaria-que-encarno-el-estilo-frances-todos-llevamos-dentro-algo-de-andree-putman-en-nuestra-manera-de-habitar-un-espacio","status":"publish","type":"post","link":"https:\/\/www.europesays.com\/es\/746084\/","title":{"rendered":"Celebrando a la dise\u00f1adora legendaria que encarn\u00f3 el estilo franc\u00e9s: \u201cTodos llevamos dentro algo de Andr\u00e9e Putman en nuestra manera de habitar un espacio\u201d"},"content":{"rendered":"<p><strong>Del primer \u2018boutique hotel\u2019 al arte urbano<\/strong><\/p>\n<p>Como arque\u00f3loga de la modernidad, <strong>fue ella quien sac\u00f3 del olvido o volvi\u00f3 a editar, dentro de <a data-offer-url=\"https:\/\/ecart.paris\/en\" class=\"external-link\" data-event-click=\"{&quot;element&quot;:&quot;ExternalLink&quot;,&quot;outgoingURL&quot;:&quot;https:\/\/ecart.paris\/en&quot;}\" href=\"https:\/\/ecart.paris\/en\" rel=\"nofollow noopener\" target=\"_blank\">Ecart<\/a>, la empresa que cre\u00f3 en 1978, a Pierre Chareau, <a href=\"https:\/\/www.revistaad.es\/articulos\/se-vende-casa-racionalista-eileen-gray-donde-vivio-pintor-graham-sutherland\" rel=\"nofollow noopener\" target=\"_blank\">Eileen Gray<\/a>, Jean-Michel Frank, Charlotte Perriand y Robert Mallet-Stevens.<\/strong> Esta editorial renace hoy bajo la direcci\u00f3n del arquitecto y dise\u00f1ador Pierre Yovanovitch y propone este oto\u00f1o una retrospectiva de Jean-Michel Frank. Fue tambi\u00e9n ella quien, por primera vez, en 1958 hizo descender el arte a la calle, con las primeras litograf\u00edas numeradas de artistas \u2014de Alechinsky a Nikki de Saint-Phalle\u2014 para Prisunic. Un fracaso comercial, pero el fen\u00f3meno de un estilo popular ya estaba en marcha.<\/p>\n<p>Fue ella quien\u2014cuando el t\u00e9rmino a\u00fan ni siquiera exist\u00eda\u2014 , ide\u00f3 el primer boutique hotel: el Morgans, en <a href=\"https:\/\/www.revistaad.es\/galerias\/17-rascacielos-iconicos-de-nueva-york-que-debes-conocer\" rel=\"nofollow noopener\" target=\"_blank\">Nueva York<\/a>, en 1984. <strong>\u201cComo no dispon\u00eda de suficientes azulejos blancos para los cuartos de ba\u00f1o, debido al limitad\u00edsimo presupuesto que le concedi\u00f3 Ian Shrager, los mezcl\u00f3 con azulejos negros, inspir\u00e1ndose en las franjas ajedrezadas de los taxis amarillos de la Gran Manzana\u201d,<\/strong> recuerda St\u00e9phane Gerschel, que fue uno de sus colaboradores. Aunque veneraba la incre\u00edble diversidad de los colores neutros, tambi\u00e9n adoraba el color \u2014el azul Klein, el rojo chino\u2014, pero lo reservaba para las obras de arte que instalaba en las paredes.<\/p>\n<p><img decoding=\"async\" alt=\"Interior de apartamento piloto dise\u00f1ado por Andre Putman en 202 Queens Road Nueva York en 2007\" loading=\"lazy\" class=\"ResponsiveImageContainer-dkeESL cQPiWi responsive-image__image\"   src=\"https:\/\/www.europesays.com\/es\/wp-content\/uploads\/2026\/09\/GettyImages-1125028205.jpeg\"\/><\/p>\n<p>Interior de apartamento piloto dise\u00f1ado por Andr\u00e9e Putman en 202 Queens Road, Nueva York, en 2007.\u00a9 Oliver Tsang \/ Getty<\/p>\n<p><strong>Un aniversario que pertenece a todos<\/strong><\/p>\n<p>Para celebrar el centenario de su nacimiento, el servicio postal franc\u00e9s le dedic\u00f3 un sello que reproduce, en versi\u00f3n liliputiense, los principales c\u00f3digos de la creadora. Casualidad, tambi\u00e9n fue en una antigua <a href=\"https:\/\/www.revistaad.es\/articulos\/de-oficina-de-correos-victoriana-a-casa-moderna-llena-de-color-la-fotografa-venetia-scott-convierte-su-hogar-londinense-en-un-escenario-de-revista\" rel=\"nofollow noopener\" target=\"_blank\">oficina de correos<\/a> donde su hijo, <strong>Cyrille, coleccionista, escritor y galerista sin fronteras, abri\u00f3 en Arl\u00e9s su \u00faltima galer\u00eda de arte. En su libro Instantan\u00e9s atmosph\u00e9riques, editado para marcar el aniversario, recurre a la mitolog\u00eda familiar y atraviesa el otro lado del espejo de D\u00e9d\u00e9e la mouche (D\u00e9d\u00e9e la mosca) \u2014as\u00ed la llamaban cari\u00f1osamente sus allegados por su mirada de 360 grados\u2014, que falleci\u00f3 en 2013, para incorporarse a esa V\u00eda L\u00e1ctea que tanto amaba que un d\u00eda la convirti\u00f3 en una magn\u00edfica alfombra redonda.<\/strong> Hoy se reedita, junto con una treintena de joyas, dentro del Studio Putman, que ahora dirige Aur\u00e9lie Laure con la colaboraci\u00f3n de Olivia Putman, directora art\u00edstica.<\/p>\n<p>Su estudio creativo, abierto en Nueva York en mayo de 2026 junto al antiguo taller de Jean-Michel <a href=\"https:\/\/www.revistaad.es\/arte\/galerias\/vida-obra-jean-michel-basquiat\/13637\" rel=\"nofollow noopener\" target=\"_blank\">Basquiat<\/a>, pretende continuar la saga Putman, construida originalmente sobre un doble malentendido: los estadounidenses cre\u00edan que era famosa en Francia; los franceses pensaban que era una estrella en Estados Unidos. All\u00ed, Andr\u00e9e supo rodearse de quienes realmente importaban: <strong>Andy Warhol, Robert Mapplethorpe, Julian Schnabel, Keith Haring, Robert Wilson y Louise Bourgeois se convertir\u00edan en amigos.<\/strong> M\u00e1s tarde llegar\u00edan Jean-Michel Othoniel y Anselm Kiefer. Y, como guinda del pastel, estaban su porte escult\u00f3rico y la sonrisa m\u00e1s mordaz de Par\u00eds, seg\u00fan el fot\u00f3grafo Jean Larivi\u00e8re.<\/p>\n","protected":false},"excerpt":{"rendered":"Del primer \u2018boutique hotel\u2019 al arte urbano Como arque\u00f3loga de la modernidad, fue ella quien sac\u00f3 del olvido&hellip;\n","protected":false},"author":2,"featured_media":746085,"comment_status":"","ping_status":"","sticky":false,"template":"","format":"standard","meta":{"footnotes":""},"categories":[173],"tags":[229,233,231,230,232,234,146,147,25,24,12442,23,73163,8374],"class_list":["post-746084","post","type-post","status-publish","format-standard","has-post-thumbnail","category-arte-y-diseno","tag-arte","tag-arte-y-diseno","tag-arts","tag-arts-and-design","tag-design","tag-diseno","tag-entertainment","tag-entretenimiento","tag-es","tag-espana","tag-iconos","tag-spain","tag-textbelowcenterfullbleed","tag-web"],"share_on_mastodon":{"url":"https:\/\/pubeurope.com\/@es\/117208984281812245","error":""},"_links":{"self":[{"href":"https:\/\/www.europesays.com\/es\/wp-json\/wp\/v2\/posts\/746084","targetHints":{"allow":["GET"]}}],"collection":[{"href":"https:\/\/www.europesays.com\/es\/wp-json\/wp\/v2\/posts"}],"about":[{"href":"https:\/\/www.europesays.com\/es\/wp-json\/wp\/v2\/types\/post"}],"author":[{"embeddable":true,"href":"https:\/\/www.europesays.com\/es\/wp-json\/wp\/v2\/users\/2"}],"replies":[{"embeddable":true,"href":"https:\/\/www.europesays.com\/es\/wp-json\/wp\/v2\/comments?post=746084"}],"version-history":[{"count":0,"href":"https:\/\/www.europesays.com\/es\/wp-json\/wp\/v2\/posts\/746084\/revisions"}],"wp:featuredmedia":[{"embeddable":true,"href":"https:\/\/www.europesays.com\/es\/wp-json\/wp\/v2\/media\/746085"}],"wp:attachment":[{"href":"https:\/\/www.europesays.com\/es\/wp-json\/wp\/v2\/media?parent=746084"}],"wp:term":[{"taxonomy":"category","embeddable":true,"href":"https:\/\/www.europesays.com\/es\/wp-json\/wp\/v2\/categories?post=746084"},{"taxonomy":"post_tag","embeddable":true,"href":"https:\/\/www.europesays.com\/es\/wp-json\/wp\/v2\/tags?post=746084"}],"curies":[{"name":"wp","href":"https:\/\/api.w.org\/{rel}","templated":true}]}}