{"id":746104,"date":"2026-09-03T20:35:17","date_gmt":"2026-09-03T20:35:17","guid":{"rendered":"https:\/\/www.europesays.com\/es\/746104\/"},"modified":"2026-09-03T20:35:17","modified_gmt":"2026-09-03T20:35:17","slug":"oscar-puente-responde-a-trump-tras-decir-que-espana-es-un-pais-arruinado-no-confia-ni-en-feijoo-ni-en-abascal","status":"publish","type":"post","link":"https:\/\/www.europesays.com\/es\/746104\/","title":{"rendered":"\u00d3scar Puente responde a Trump tras decir que Espa\u00f1a es un \u00abpa\u00eds arruinado\u00bb: \u00abNo conf\u00eda ni en Feij\u00f3o ni en Abascal\u00bb"},"content":{"rendered":"<p>                <img decoding=\"async\" class=\"lazy\" loading=\"lazy\" data-src=\"https:\/\/static.eldiario.es\/clip\/e063e408-b553-4a3a-acd7-0389dbcba356_16-9-aspect-ratio_default_0.jpg\" src=\"data:image\/svg+xml,%3Csvg xmlns=\" http:=\"\" viewbox=\"0 0 16 9\" alt=\"Imagen de archivo del ministro de Transportes, \u00d3scar Puente.\/Archivo. EFE\/ Borja S\u00e1nchez-Trillo\"\/><\/p>\n<p class=\"article-text\">\n        El ministro de Transportes y Movilidad Sostenible, \u00d3scar Puente, ha contestado desde la red social X a las declaraciones que el presidente de EEUU, Donald Trump, ha dejado en una entrevista con el canal brit\u00e1nico GB News sobre Espa\u00f1a.\n    <\/p>\n<p class=\"article-text\">\n        El mandatario norteamericano ha asegurado que Espa\u00f1a es un \u201cpa\u00eds arruinado\u201d por la crisis de Ceuta y que lo que ocurri\u00f3 en la frontera \u201ces triste de ver\u201d. \u201cEspa\u00f1a ser\u00e1 un pa\u00eds arruinado. Yo he tenido mis propios problemas con Espa\u00f1a porque no se comporta muy bien con respecto a la OTAN. No paga lo que deber\u00eda pagar\u201d, ha se\u00f1alado.\n    <\/p>\n<p class=\"article-text\">\n        Al ver estas palabras, \u00d3scar Puente no ha dudado en aprovechar para dejarle un recado a Santiago Abascal y Alberto N\u00fa\u00f1ez Feij\u00f3o. \u201cNo conf\u00eda ni en Feij\u00f3o ni en Abascal y tiene que asumir \u00e9l la labor de oposici\u00f3n en Espa\u00f1a\u201d, ha razonado.\n    <\/p>\n<blockquote class=\"twitter-tweet\" data-lang=\"es\"><p><a href=\"https:\/\/twitter.com\/X\/status\/2095543580810956857?ref_src=twsrc%5Etfw\" rel=\"nofollow noopener\" target=\"_blank\"><\/p><\/blockquote>\n<p>                                    <script async src=\"https:\/\/platform.twitter.com\/widgets.js\" charset=\"utf-8\"><\/script><\/p>\n","protected":false},"excerpt":{"rendered":"El ministro de Transportes y Movilidad Sostenible, \u00d3scar Puente, ha contestado desde la red social X a las&hellip;\n","protected":false},"author":2,"featured_media":746105,"comment_status":"","ping_status":"","sticky":false,"template":"","format":"standard","meta":{"footnotes":""},"categories":[8],"tags":[517,17,18,4486,10156,2125,25,24,13,14,11,1458,19,20,9,10,15,16,1822,952,199,23,12,1885,21,22],"class_list":["post-746104","post","type-post","status-publish","format-standard","has-post-thumbnail","category-espana","tag-actualidad","tag-breaking-news","tag-breakingnews","tag-ceuta","tag-comparecencia","tag-directo","tag-es","tag-espana","tag-featured-news","tag-featurednews","tag-headlines","tag-hora","tag-latest-news","tag-latestnews","tag-news","tag-noticias","tag-noticias-destacadas","tag-noticiasdestacadas","tag-pedro","tag-politica","tag-sanchez","tag-spain","tag-titulares","tag-ultima","tag-ultimas-noticias","tag-ultimasnoticias"],"share_on_mastodon":{"url":"https:\/\/pubeurope.com\/@es\/117209027448480702","error":""},"_links":{"self":[{"href":"https:\/\/www.europesays.com\/es\/wp-json\/wp\/v2\/posts\/746104","targetHints":{"allow":["GET"]}}],"collection":[{"href":"https:\/\/www.europesays.com\/es\/wp-json\/wp\/v2\/posts"}],"about":[{"href":"https:\/\/www.europesays.com\/es\/wp-json\/wp\/v2\/types\/post"}],"author":[{"embeddable":true,"href":"https:\/\/www.europesays.com\/es\/wp-json\/wp\/v2\/users\/2"}],"replies":[{"embeddable":true,"href":"https:\/\/www.europesays.com\/es\/wp-json\/wp\/v2\/comments?post=746104"}],"version-history":[{"count":0,"href":"https:\/\/www.europesays.com\/es\/wp-json\/wp\/v2\/posts\/746104\/revisions"}],"wp:featuredmedia":[{"embeddable":true,"href":"https:\/\/www.europesays.com\/es\/wp-json\/wp\/v2\/media\/746105"}],"wp:attachment":[{"href":"https:\/\/www.europesays.com\/es\/wp-json\/wp\/v2\/media?parent=746104"}],"wp:term":[{"taxonomy":"category","embeddable":true,"href":"https:\/\/www.europesays.com\/es\/wp-json\/wp\/v2\/categories?post=746104"},{"taxonomy":"post_tag","embeddable":true,"href":"https:\/\/www.europesays.com\/es\/wp-json\/wp\/v2\/tags?post=746104"}],"curies":[{"name":"wp","href":"https:\/\/api.w.org\/{rel}","templated":true}]}}