{"id":746112,"date":"2026-09-03T20:43:21","date_gmt":"2026-09-03T20:43:21","guid":{"rendered":"https:\/\/www.europesays.com\/es\/746112\/"},"modified":"2026-09-03T20:43:21","modified_gmt":"2026-09-03T20:43:21","slug":"vuelta-a-espana-santiago-buitrago-triunfo-de-etapa-para-el-equipo-y-puntos-para-la-montana-esciclismo","status":"publish","type":"post","link":"https:\/\/www.europesays.com\/es\/746112\/","title":{"rendered":"Vuelta a Espa\u00f1a: Santiago Buitrago: &quot;Triunfo de etapa para el equipo y puntos para la monta\u00f1a&quot; &#8211; Esciclismo"},"content":{"rendered":"<ol>\n<li><a href=\"https:\/\/news.google.com\/rss\/articles\/CBMiakFVX3lxTE5HOXFDRlhfVi00bHVfUG1heEFhZ3lNN1p2NmhfTHhaZnBCOFJaVWpGbC0zT3NyOUZsU3dFeFJfeDZ6TnR2akRpeW00SUY2VHRUaXJDaVVuNFBOX1JOUUtmTXNDWXRMOHBtVlE?oc=5\" target=\"_blank\" rel=\"nofollow noopener\">Vuelta a Espa\u00f1a: Santiago Buitrago: \u00abTriunfo de etapa para el equipo y puntos para la monta\u00f1a\u00bb<\/a>&nbsp;&nbsp;Esciclismo<\/li>\n<li><a href=\"https:\/\/news.google.com\/rss\/articles\/CBMi5gFBVV95cUxONUxGOHZtSDVUNUFxeWFYX3J0bGRDRlVRdXppaklJOWl6RUZ1VjZSWS1sZWMxc0ROand5LVNqNmpDNHFxcnVLc0p0N3E5YzN0blNNZkNMMGgtMGxma0hvTlhGNU1RbnE1NV9kSkQ1OXhPTHJRc21oRklwdERKTGU3Y3BaQVcza1RnaElKOG5CYnExZHZfRHdFOGM1N2hland5aDA0enA0NG9pZlhQdmFJUlBKdE9GbEhyS0NWRkM0YWo4M3ZjOVFtQXhDQXpxR2FKdGVIUl9GbWQ2Y015eWotZFd4RXNvUdIB6wFBVV95cUxPdm16clpGWlk3aHJTWnYwTVpkM3ZYQXUycGU0d1ZVTVFNNFhFY0NjbGR1ZUFRODdfVGxOWXlON0FDMGt0MHZkbXZHRzdGVkJkbTFvQVdZd3NtN2hKaGtzT3lpRWdMUTc1QkhMNUYxZWpRR2xMR2tTVEJha1E0aGJ3M1UxYmU2dEFDWlBkMUl1c2xaRjltcVZzWHltbUI0YTZPOU80czVGaEF6LXY0bGsteEUzd0VHbThMRVBRRERVZDFRVTMzczRMcTZfeXpCWml3c21yOTFDenBwNGNCNjI0dGs1dVd0YVJ2eFRR?oc=5\" target=\"_blank\" rel=\"nofollow noopener\">Vuelta a Espa\u00f1a: clasificaci\u00f3n general y puestos de los colombianos tras revolc\u00f3n en la monta\u00f1a<\/a>&nbsp;&nbsp;Revista Semana<\/li>\n<li><a href=\"https:\/\/news.google.com\/rss\/articles\/CBMi7wFBVV95cUxPS0lwZ0pIQ2hHc3hxdG55bGtnWGNlQWdzZERaOXVycW9GOTVnLV9uN3dzby14TEZFdE93ZFNKcFVrNUxpeXJ4MUpNRVVqWW43b3JhN0RpMlQwb3hJLXZVcm81clBONnJfUlI2UUUxSmFsMG5wLV9HdHdrM2RnSHZFdXVZSVpxWnZBdkkzLVIzaHVFU2Q5bTNhSlNEUDZmbWJaVnA2eWJoLVdscmJkWHhVQnY1OUJzWXBwdTV0ai12T2U5OXdLY3ZSMjJVRVlHd3psQk5hNXJtbFdZbEpLRVdfcTlTem84QW1VanVqNmJ3d9IB9AFBVV95cUxPVXotVDlVRGdBZFk5SE8zekJDd3owM0thSnU3cmJ6emh1ck5qVEVuYzdkcWlWMVVVaEFaYVlQSFhQbzAtVS1PLU14Nmd4UHAtUkxodll6dElUWUM5dUFtWTVLMHZKTHVwUGhrS0wtWmNDc2I4d3RDY0JYT2JOOHBGVFZrWElIYTF3bmNqT1NsM3hBTS12ZXlKOFRMTDhaZ2ZpOVNjN2gwWjBlTndOOEJCZ1N3WXJnc24wQmlwTGpQZ2c1WXl2WEpyUGg4bTJhcU5oWlFJemZEcVZGRUNKeFdDc2NUakhmMXpUTmkxVjZWa0ZickQ2?oc=5\" target=\"_blank\" rel=\"nofollow noopener\">Santiago Buitrago y Harold Tejada, brillantes: brutal etapa 12 de la Vuelta a Espa\u00f1a para los dos colombianos<\/a>&nbsp;&nbsp;El Tiempo<\/li>\n<li><a href=\"https:\/\/news.google.com\/rss\/articles\/CBMitgFBVV95cUxOdFpRYUx2allRWmx1aXVCNWx2WWFwMXo0RTU4TFJPZ2wtcHFtbTkwMEk4RzF4YXdsb1hRN01icFo5UkJ0b1l0b3NNOGJvMmFBZE9jbmNZa2Q5TVcyZC1PS0VWZlVCN3VkdlJCWThDOVh6TFZSOTFXdmpET1ZaQkg5LWs1Rm83RlA2cmVZWUJvUW5nd2pOenUxTXZmRTlPR013ZmxJQ21MTW0xdTVsaGluanN2YW0zUQ?oc=5\" target=\"_blank\" rel=\"nofollow noopener\">Santiago Buitrago: \u00abVa a ser una bonita batalla hasta Granada\u00bb<\/a>&nbsp;&nbsp;La Vuelta<\/li>\n<li><a href=\"https:\/\/news.google.com\/rss\/articles\/CBMi8AFBVV95cUxOcTl2MVhtZVBOZ2dud2RnT0dFR01XRmFpdVI1dzZUbG12VkU3Ykl6OVB4ZXVyWHBJUmFyQ1Q2SExrTHMteGtxTWlEcHQyYVJQMTFKaTRIcGlCWHM1N0xxWGZzbFJscXd6QnhKal9DVFIzM292alVFWjFRMDZ0ZXEzSXgxWlFKbGVnV1V5TDRtSFoteVVXTWdiTGtqc1Z4V1J1TDl3Mk42N1JRSlUwc25vSXc2aWQ0VDFkQTBwSzctNzllUUF2WXN5Z2JRZ0tNSUwxN2l1MUJxMkhIUUN5Sm9Cbm1lTHpwMzQxRGFyb2J4TTM?oc=5\" target=\"_blank\" rel=\"nofollow noopener\">Vuelta a Espa\u00f1a 2026: Buitrago resiste el acoso de Van Aert y sigue como l\u00edder de la monta\u00f1a<\/a>&nbsp;&nbsp;El Espectador<\/li>\n<\/ol>\n","protected":false},"excerpt":{"rendered":"Vuelta a Espa\u00f1a: Santiago Buitrago: \u00abTriunfo de etapa para el equipo y puntos para la monta\u00f1a\u00bb&nbsp;&nbsp;Esciclismo Vuelta a&hellip;\n","protected":false},"author":2,"featured_media":746113,"comment_status":"","ping_status":"","sticky":false,"template":"","format":"standard","meta":{"footnotes":""},"categories":[273],"tags":[12611,77514,313,4616,312,168,25,24,5564,5329,2450,23,167,12612,1357],"class_list":["post-746112","post","type-post","status-publish","format-standard","has-post-thumbnail","category-ciclismo","tag-bahrain","tag-buitrago","tag-ciclismo","tag-clasificacion","tag-cycling","tag-deportes","tag-es","tag-espana","tag-lider","tag-montana","tag-santiago","tag-spain","tag-sports","tag-victorious","tag-vuelta"],"share_on_mastodon":{"url":"https:\/\/pubeurope.com\/@es\/117209059011503480","error":""},"_links":{"self":[{"href":"https:\/\/www.europesays.com\/es\/wp-json\/wp\/v2\/posts\/746112","targetHints":{"allow":["GET"]}}],"collection":[{"href":"https:\/\/www.europesays.com\/es\/wp-json\/wp\/v2\/posts"}],"about":[{"href":"https:\/\/www.europesays.com\/es\/wp-json\/wp\/v2\/types\/post"}],"author":[{"embeddable":true,"href":"https:\/\/www.europesays.com\/es\/wp-json\/wp\/v2\/users\/2"}],"replies":[{"embeddable":true,"href":"https:\/\/www.europesays.com\/es\/wp-json\/wp\/v2\/comments?post=746112"}],"version-history":[{"count":0,"href":"https:\/\/www.europesays.com\/es\/wp-json\/wp\/v2\/posts\/746112\/revisions"}],"wp:featuredmedia":[{"embeddable":true,"href":"https:\/\/www.europesays.com\/es\/wp-json\/wp\/v2\/media\/746113"}],"wp:attachment":[{"href":"https:\/\/www.europesays.com\/es\/wp-json\/wp\/v2\/media?parent=746112"}],"wp:term":[{"taxonomy":"category","embeddable":true,"href":"https:\/\/www.europesays.com\/es\/wp-json\/wp\/v2\/categories?post=746112"},{"taxonomy":"post_tag","embeddable":true,"href":"https:\/\/www.europesays.com\/es\/wp-json\/wp\/v2\/tags?post=746112"}],"curies":[{"name":"wp","href":"https:\/\/api.w.org\/{rel}","templated":true}]}}