{"id":746124,"date":"2026-09-03T20:51:15","date_gmt":"2026-09-03T20:51:15","guid":{"rendered":"https:\/\/www.europesays.com\/es\/746124\/"},"modified":"2026-09-03T20:51:15","modified_gmt":"2026-09-03T20:51:15","slug":"forbes-coloca-a-rosalia-como-la-favorita-para-ganar-el-grammy-a-album-del-ano-con-lux","status":"publish","type":"post","link":"https:\/\/www.europesays.com\/es\/746124\/","title":{"rendered":"&#8216;Forbes&#8217; coloca a Rosal\u00eda como la favorita para ganar el Grammy a \u00c1lbum del a\u00f1o con &#8216;LUX&#8217;"},"content":{"rendered":"<p>El plazo para inscribirse a los <b>Premios Grammy 2027<\/b> ha terminado. Las nominaciones se dar\u00e1n a conocer el pr\u00f3ximo 16 de noviembre antes de la gala del 7 de febrero de 2027. Aunque todav\u00eda quedan cinco meses para conocer a los ganadores, las predicciones ya est\u00e1n en marcha.<\/p>\n<p><a title=\"Forbes\" href=\"https:\/\/www.forbes.com\/sites\/oliviashalhoup\/2026\/09\/02\/olivia-rodrigo-and-rosala-could-lead-the-2027-grammy-noms-in-a-women-led-race\/\" rel=\"nofollow noopener\" target=\"_blank\"><b>Forbes<\/b><\/a>, la revista de negocios estadounidense, ha publicado este mi\u00e9rcoles 2 de septiembre sus apuestas para categor\u00edas como <b>\u00c1lbum del a\u00f1o<\/b>, una de las m\u00e1s prestigiosas de los premios musicales. El a\u00f1o pasado, DeB\u00cd TiRAR M\u00e1S FOToS de Bad Bunny se convirti\u00f3 en el primer \u00e1lbum en espa\u00f1ol en ganar esta categor\u00eda, y ahora <b>Rosal\u00eda <\/b>podr\u00eda recoger ese testigo.<\/p>\n<blockquote class=\"articleQuote\"><p>\u00abEs quien tiene el camino m\u00e1s despejado hacia el premio\u00bb  <\/p><\/blockquote>\n<p>El portal considera <b>LUX<\/b> como el gran favorito para ganar el Grammy a \u00c1lbum del a\u00f1o. \u00abEste es el \u00e1lbum que The Recording Academy llevaba tiempo esperando que hiciera\u00bb, explica Forbes. \u00abRosal\u00eda ya era una de las favoritas de los Grammy tras su anterior ciclo, especialmente en los Latin Grammy, y LUX es <b>el tipo de disco ambicioso y ecl\u00e9ctico que suele conquistar a los votantes que buscan una obra prestigiosa<\/b>\u00ab.<\/p>\n<p>La revista elogia que LUX cuente con 13 idiomas y la participaci\u00f3n de la Orquesta Sinf\u00f3nica de Londres, y asegura que el reciente reconocimiento del puertorrique\u00f1o puede jugar a su favor: \u00abLa victoria de Bad Bunny en esta categor\u00eda el a\u00f1o pasado tambi\u00e9n es relevante: demostr\u00f3 que <b>los votantes est\u00e1n dispuestos a otorgar el m\u00e1ximo galard\u00f3n a un \u00e1lbum que no est\u00e9 en ingl\u00e9s<\/b>, lo que elimina uno de los argumentos tradicionales contra las posibilidades de Rosal\u00eda\u00bb.<\/p>\n<p>Aunque Forbes defiende que Rosal\u00eda \u00abes quien tiene el camino m\u00e1s despejado hacia el premio\u00bb, asegura que la espa\u00f1ola tiene como fuertes contrincantes a <b>Olivia Dean<\/b> con The Art of Loving o a <b>Olivia Rodrigo<\/b> con you seem pretty sad for a girl so in love.<\/p>\n<p>M\u00e1s all\u00e1 del \u00c1lbum del a\u00f1o, la revista considera que Rosal\u00eda tambi\u00e9n podr\u00eda dar la sorpresa en la categor\u00eda de <b>Grabaci\u00f3n del a\u00f1o<\/b> con los sencillos <b>Berghain<\/b> o <b>La Perla<\/b>, aunque estas canciones tienen muchas menos posibilidades que LUX al completo.<\/p>\n","protected":false},"excerpt":{"rendered":"El plazo para inscribirse a los Premios Grammy 2027 ha terminado. Las nominaciones se dar\u00e1n a conocer el&hellip;\n","protected":false},"author":2,"featured_media":746125,"comment_status":"","ping_status":"","sticky":false,"template":"","format":"standard","meta":{"footnotes":""},"categories":[170],"tags":[146,147,25,24,184,185,11496,4147,23],"class_list":["post-746124","post","type-post","status-publish","format-standard","has-post-thumbnail","category-musica","tag-entertainment","tag-entretenimiento","tag-es","tag-espana","tag-music","tag-musica","tag-premios-grammy","tag-rosalia","tag-spain"],"share_on_mastodon":{"url":"https:\/\/pubeurope.com\/@es\/117209090077379931","error":""},"_links":{"self":[{"href":"https:\/\/www.europesays.com\/es\/wp-json\/wp\/v2\/posts\/746124","targetHints":{"allow":["GET"]}}],"collection":[{"href":"https:\/\/www.europesays.com\/es\/wp-json\/wp\/v2\/posts"}],"about":[{"href":"https:\/\/www.europesays.com\/es\/wp-json\/wp\/v2\/types\/post"}],"author":[{"embeddable":true,"href":"https:\/\/www.europesays.com\/es\/wp-json\/wp\/v2\/users\/2"}],"replies":[{"embeddable":true,"href":"https:\/\/www.europesays.com\/es\/wp-json\/wp\/v2\/comments?post=746124"}],"version-history":[{"count":0,"href":"https:\/\/www.europesays.com\/es\/wp-json\/wp\/v2\/posts\/746124\/revisions"}],"wp:featuredmedia":[{"embeddable":true,"href":"https:\/\/www.europesays.com\/es\/wp-json\/wp\/v2\/media\/746125"}],"wp:attachment":[{"href":"https:\/\/www.europesays.com\/es\/wp-json\/wp\/v2\/media?parent=746124"}],"wp:term":[{"taxonomy":"category","embeddable":true,"href":"https:\/\/www.europesays.com\/es\/wp-json\/wp\/v2\/categories?post=746124"},{"taxonomy":"post_tag","embeddable":true,"href":"https:\/\/www.europesays.com\/es\/wp-json\/wp\/v2\/tags?post=746124"}],"curies":[{"name":"wp","href":"https:\/\/api.w.org\/{rel}","templated":true}]}}