{"id":746128,"date":"2026-09-03T20:54:16","date_gmt":"2026-09-03T20:54:16","guid":{"rendered":"https:\/\/www.europesays.com\/es\/746128\/"},"modified":"2026-09-03T20:54:16","modified_gmt":"2026-09-03T20:54:16","slug":"modric-desmonta-mitos-sobre-el-caso-negreira-y-explica-por-que-el-madrid-ganaba-mas-champions-que-ligas","status":"publish","type":"post","link":"https:\/\/www.europesays.com\/es\/746128\/","title":{"rendered":"Modric desmonta mitos sobre el caso Negreira y explica por qu\u00e9 el Madrid ganaba m\u00e1s Champions que Ligas"},"content":{"rendered":"<p class=\"ft-text\">La etapa de Luka Modric en el Real Madrid estuvo marcada por la gran cantidad de t\u00edtulos que logr\u00f3 el futbolista croata. Sin embargo, en aquella \u00e9poca, el equipo que domin\u00f3 Europa durante a\u00f1os no tuvo el mismo nivel de regularidad en la Liga. El centrocampista form\u00f3 parte de una generaci\u00f3n que <strong>conquist\u00f3 seis Champions durante su carrera en el club, pero que por el contrario solo levant\u00f3 el campeonato dom\u00e9stico en cuatro ocasiones.<\/strong><\/p>\n<p class=\"ft-text\">Preguntado por<a class=\"ft-link ft-link--decoration\" href=\"https:\/\/www.sport.es\/es\/noticias\/barca\/jueza-rechaza-prorrogar-caso-negreira-133840827\" rel=\"nofollow noopener\" target=\"_blank\"> el caso Negreira<\/a> y por la particular trayectoria del Madrid durante aquellos a\u00f1os, el ahora jugador del Milan prefiri\u00f3 no profundizar demasiado y explicar su versi\u00f3n de lo ocurrido.<strong> \u00abEs un caso que de verdad no es normal. No voy a entrar m\u00e1s en el tema porque no me gusta\u00bb, <\/strong>empez\u00f3 afirmando el futbolista del Milan.<\/p>\n<p><img decoding=\"async\" src=\"https:\/\/www.europesays.com\/es\/wp-content\/uploads\/2026\/09\/43e1b1a4-8c4f-4780-9443-830ba51ac9f6_alta-libre-aspect-ratio_default_0_x600y225.jpg\" width=\"1200\" height=\"675\" alt=\"El entrenador del Real Madrid Jos\u00e9 Mourinho da instrucciones al jugador croata Luka Modric\" class=\"ft-helper-img-rd\" loading=\"lazy\" fetchpriority=\"auto\"\/><\/p>\n<p class=\"ft-helper-fontColor-quaternary ft-helper-fontSize-body-S ft-helper-spacer-t-xxs\">El entrenador del Real Madrid Jos\u00e9 Mourinho da instrucciones al jugador croata Luka Modric en su etapa en el Madrid  \/ EFE\/ALBERTO MARTIN<\/p>\n<p class=\"ft-text\">De hecho, la explicaci\u00f3n del croata sobre el dominio europeo y el menor n\u00famero de t\u00edtulos ligueros se aleja de la cuesti\u00f3n arbitral y de algunos debates y teor\u00edas instauradas en el madridismo, centr\u00e1ndose exclusivamente en el rendimiento del propio Real Madrid. \u00ab<strong>En mi \u00e9poca, \u00bfpor qu\u00e9 ganamos m\u00e1s Champions que Ligas? Creo que porque no est\u00e1bamos tan enfocados en el d\u00eda a d\u00eda<\/strong>. Pens\u00e1bamos que hab\u00eda tiempo de arreglar las cosas, mientras que en Champions sab\u00edamos que no pod\u00edamos fallar. Hicimos lo que hicimos en Champions porque sab\u00edamos que si fallabas te ibas a casa\u00bb, a\u00f1adi\u00f3.<\/p>\n<p class=\"ft-text\">Adem\u00e1s, Modric tambi\u00e9n quiso valorar el nivel de su gran rival a nivel nacional: \u00ab<strong>En la Liga siempre pens\u00e1bamos que pod\u00edamos recuperar los puntos, pero el Bar\u00e7a era muy fuerte y no te dejaba recuperarlos. <\/strong>Por eso creo que ganamos menos Ligas que Champions en esa \u00e9poca, pero no cambiar\u00eda nada\u00bb.<\/p>\n<p><img decoding=\"async\" src=\"https:\/\/www.europesays.com\/es\/wp-content\/uploads\/2026\/09\/db6ca756-45a0-4e3c-bb01-f34d623a5dda_alta-libre-aspect-ratio_default_0.jpg\" width=\"1200\" height=\"675\" alt=\"Modric ha dadp muchas alegr\u00edas al madridismo\" class=\"ft-helper-img-rd\" loading=\"lazy\" fetchpriority=\"auto\"\/><\/p>\n<p class=\"ft-helper-fontColor-quaternary ft-helper-fontSize-body-S ft-helper-spacer-t-xxs\">Modric, en su etapa en el Madrid  \/ Efe<\/p>\n<p class=\"ft-text\"><strong>Para el croata, la clave estaba en la mentalidad con la que afrontaban cada torneo<\/strong>. La sensaci\u00f3n de no tener margen de error en Champions hac\u00eda que el equipo elevase su concentraci\u00f3n cuando llegaban las noches europeas. En la Liga, en cambio, la posibilidad de recuperar puntos despu\u00e9s de un tropiezo pod\u00eda generar momentos de desconexi\u00f3n dentro del campeonato.<\/p>\n<p class=\"ft-text\">Modric tira de autocr\u00edtica para explicar la situaci\u00f3n de esos a\u00f1os, aunque no volver\u00eda atr\u00e1s para cambiar absolutamente nada.<strong> \u00abLa Champions es lo que todos quieren ganar, y tener seis es algo impresionante, por eso no cambiar\u00eda nada\u00bb, <\/strong>explic\u00f3.<\/p>\n<p class=\"ft-text\">Ante la insistencia por el tema Negreira, el m\u00edtico futbolista deja una respuesta contundente:<strong> \u00abS\u00ed, claro que no es normal, pero no sigo mucho ese tema. No es normal, pero yo creo que tambi\u00e9n es parte de nuestra culpa no haber ganado m\u00e1s Ligas\u00bb.<\/strong><\/p>\n<p class=\"ft-text\">Las palabras de Luka Modric dejan as\u00ed una lectura muy distinta a la de quienes buscan en el caso Negreira una explicaci\u00f3n para la diferencia de rendimiento entre el Real Madrid y el Barcelona durante aquellos a\u00f1os. <strong>El croata apunta directamente a la responsabilidad del propio equipo y a una cuesti\u00f3n de mentalidad y regularidad.<\/strong><\/p>\n","protected":false},"excerpt":{"rendered":"La etapa de Luka Modric en el Real Madrid estuvo marcada por la gran cantidad de t\u00edtulos que&hellip;\n","protected":false},"author":2,"featured_media":746129,"comment_status":"","ping_status":"","sticky":false,"template":"","format":"standard","meta":{"footnotes":""},"categories":[93],"tags":[6985,168,2912,25,24,25718,13089,2133,31206,23,167],"class_list":["post-746128","post","type-post","status-publish","format-standard","has-post-thumbnail","category-deportes","tag-caso","tag-deportes","tag-desmonta","tag-es","tag-espana","tag-luka-modric","tag-mitos","tag-modric","tag-negreira","tag-spain","tag-sports"],"share_on_mastodon":{"url":"https:\/\/pubeurope.com\/@es\/117209103297888209","error":""},"_links":{"self":[{"href":"https:\/\/www.europesays.com\/es\/wp-json\/wp\/v2\/posts\/746128","targetHints":{"allow":["GET"]}}],"collection":[{"href":"https:\/\/www.europesays.com\/es\/wp-json\/wp\/v2\/posts"}],"about":[{"href":"https:\/\/www.europesays.com\/es\/wp-json\/wp\/v2\/types\/post"}],"author":[{"embeddable":true,"href":"https:\/\/www.europesays.com\/es\/wp-json\/wp\/v2\/users\/2"}],"replies":[{"embeddable":true,"href":"https:\/\/www.europesays.com\/es\/wp-json\/wp\/v2\/comments?post=746128"}],"version-history":[{"count":0,"href":"https:\/\/www.europesays.com\/es\/wp-json\/wp\/v2\/posts\/746128\/revisions"}],"wp:featuredmedia":[{"embeddable":true,"href":"https:\/\/www.europesays.com\/es\/wp-json\/wp\/v2\/media\/746129"}],"wp:attachment":[{"href":"https:\/\/www.europesays.com\/es\/wp-json\/wp\/v2\/media?parent=746128"}],"wp:term":[{"taxonomy":"category","embeddable":true,"href":"https:\/\/www.europesays.com\/es\/wp-json\/wp\/v2\/categories?post=746128"},{"taxonomy":"post_tag","embeddable":true,"href":"https:\/\/www.europesays.com\/es\/wp-json\/wp\/v2\/tags?post=746128"}],"curies":[{"name":"wp","href":"https:\/\/api.w.org\/{rel}","templated":true}]}}