{"id":746140,"date":"2026-09-03T21:00:16","date_gmt":"2026-09-03T21:00:16","guid":{"rendered":"https:\/\/www.europesays.com\/es\/746140\/"},"modified":"2026-09-03T21:00:16","modified_gmt":"2026-09-03T21:00:16","slug":"detenido-un-marroqui-tras-intentar-apunalar-a-un-soldado-de-regulares","status":"publish","type":"post","link":"https:\/\/www.europesays.com\/es\/746140\/","title":{"rendered":"Detenido un marroqu\u00ed tras intentar apu\u00f1alar a un soldado de Regulares"},"content":{"rendered":"<p><strong>Pudo ser una desgracia<\/strong>, pero la r\u00e1pida intervenci\u00f3n de <strong><a href=\"https:\/\/elfarodeceuta.es\/ejercito-mantiene-despliegue-ceuta-cambio-unidades-reorganizacion-operativo\/\" rel=\"nofollow noopener\" target=\"_blank\">componentes del Grupo de Regulares n\u00famero 54 de Ceuta<\/a> evit\u00f3 males mayores<\/strong>.<\/p>\n<p>Varios miembros de esta unidad <strong>han logrado reducir a un <a href=\"https:\/\/elfarodeceuta.es\/luces-sombras-informe-avalanchas-marruecos-provoco-ceuta\/\" rel=\"nofollow noopener\" target=\"_blank\">marroqu\u00ed<\/a><a href=\"https:\/\/elfarodeceuta.es\/luces-sombras-informe-avalanchas-marruecos-provoco-ceuta\/\" rel=\"nofollow noopener\" target=\"_blank\"> que entr\u00f3 en la ciudad durante la invasi\u00f3n<\/a><\/strong> cuando, <strong>cuchillo en mano<\/strong>, quer\u00eda <strong>atacar <\/strong>a uno de los miembros de la patrulla que estaba de servicio en la <strong>zona del puerto<\/strong>.<\/p>\n<p>Tal y como han confirmado fuentes policiales a El Faro, el suceso se produjo en torno a las dos de la tarde, cuando varios <strong><a href=\"https:\/\/elfarodeceuta.es\/defensa-agradece-twitter-labor-militares-destinados-ceuta\/\" rel=\"nofollow noopener\" target=\"_blank\">miembros de Regulares<\/a> <\/strong>estaban haciendo patrulla y fueron <strong>alertados por un trabajador de un almac\u00e9n<\/strong>.<\/p>\n<p>Les traslad\u00f3 que hab\u00eda <strong>un inmigrante con un palo que estaba amenazando<\/strong> a otras personas.<\/p>\n<p>Batida por el lugar y reacci\u00f3n<\/p>\n<p>Los miembros de Regulares llevaron a cabo <strong>una batida<\/strong> por el lugar, dando con esta persona, que coincid\u00eda con las caracter\u00edsticas aportadas por el trabajador tanto en su vestimenta como apariencia f\u00edsica.<\/p>\n<p>Uno de los integrantes de la patrulla le dio el alto, pero el ya detenido emprendi\u00f3 la <strong>huida por el puerto<\/strong>. El miembro de Regulares lo persigui\u00f3 hasta dar con \u00e9l en uno de los callejones del puerto, vi\u00e9ndose acompa\u00f1ado en esta b\u00fasqueda por m\u00e1s soldados del grupo.<\/p>\n<p>La reacci\u00f3n del detenido al sentirse acorralado fue la de arremeter contra uno de los Regulares, <strong>esgrimi\u00e9ndole un arma blanca<\/strong> que sac\u00f3 de entre sus ropas con el prop\u00f3sito de intimidarlo.<\/p>\n<p>Un equipo de Regulares unido<\/p>\n<p>Entre todos los componentes del Grupo de Regulares n\u00famero 54 pudieron controlar la situaci\u00f3n, reduciendo y deteniendo al sujeto, a quien lograron quitar el arma blanca.<\/p>\n<p><strong>Los soldados Bilal Amin, Ahmed Hossain y David Toro estaban a las \u00f3rdenes de su sargento Kevin Zapata<\/strong>.<\/p>\n<p>Pudieron reducir al inmigrante no sin complicaciones dada la envergadura de este. El ej\u00e9rcito est\u00e1 llevando a cabo <strong>labores importantes tras la avalancha<\/strong> sobre Ceuta, ya que cooperan con trabajos en materia de seguridad respaldando as\u00ed a las fuerzas de seguridad tras la avalancha.<\/p>\n<p>De hecho, Defensa mostr\u00f3 este mi\u00e9rcoles, con motivo del D\u00eda de Ceuta, su agradecimiento a todos los militares que han nacido, crecido y desarrollado buena parte de su vida profesional en la ciudad ante el trabajo que est\u00e1n desempe\u00f1ando.<\/p>\n","protected":false},"excerpt":{"rendered":"Pudo ser una desgracia, pero la r\u00e1pida intervenci\u00f3n de componentes del Grupo de Regulares n\u00famero 54 de Ceuta&hellip;\n","protected":false},"author":2,"featured_media":746141,"comment_status":"","ping_status":"","sticky":false,"template":"","format":"standard","meta":{"footnotes":""},"categories":[8],"tags":[17,18,25,24,13,14,11,19,20,9,10,15,16,23,12,21,22],"class_list":["post-746140","post","type-post","status-publish","format-standard","has-post-thumbnail","category-espana","tag-breaking-news","tag-breakingnews","tag-es","tag-espana","tag-featured-news","tag-featurednews","tag-headlines","tag-latest-news","tag-latestnews","tag-news","tag-noticias","tag-noticias-destacadas","tag-noticiasdestacadas","tag-spain","tag-titulares","tag-ultimas-noticias","tag-ultimasnoticias"],"share_on_mastodon":{"url":"","error":""},"_links":{"self":[{"href":"https:\/\/www.europesays.com\/es\/wp-json\/wp\/v2\/posts\/746140","targetHints":{"allow":["GET"]}}],"collection":[{"href":"https:\/\/www.europesays.com\/es\/wp-json\/wp\/v2\/posts"}],"about":[{"href":"https:\/\/www.europesays.com\/es\/wp-json\/wp\/v2\/types\/post"}],"author":[{"embeddable":true,"href":"https:\/\/www.europesays.com\/es\/wp-json\/wp\/v2\/users\/2"}],"replies":[{"embeddable":true,"href":"https:\/\/www.europesays.com\/es\/wp-json\/wp\/v2\/comments?post=746140"}],"version-history":[{"count":0,"href":"https:\/\/www.europesays.com\/es\/wp-json\/wp\/v2\/posts\/746140\/revisions"}],"wp:featuredmedia":[{"embeddable":true,"href":"https:\/\/www.europesays.com\/es\/wp-json\/wp\/v2\/media\/746141"}],"wp:attachment":[{"href":"https:\/\/www.europesays.com\/es\/wp-json\/wp\/v2\/media?parent=746140"}],"wp:term":[{"taxonomy":"category","embeddable":true,"href":"https:\/\/www.europesays.com\/es\/wp-json\/wp\/v2\/categories?post=746140"},{"taxonomy":"post_tag","embeddable":true,"href":"https:\/\/www.europesays.com\/es\/wp-json\/wp\/v2\/tags?post=746140"}],"curies":[{"name":"wp","href":"https:\/\/api.w.org\/{rel}","templated":true}]}}