{"id":746146,"date":"2026-09-03T21:06:25","date_gmt":"2026-09-03T21:06:25","guid":{"rendered":"https:\/\/www.europesays.com\/es\/746146\/"},"modified":"2026-09-03T21:06:25","modified_gmt":"2026-09-03T21:06:25","slug":"rafa-jodar-estudie-el-bachillerato-de-ciencias-biologia-y-quimica-habia-asignaturas-como-biologia-en-las-que-hay-que-estudiar-mucho-muchos-nombres-y-es-dificil-compaginarlo","status":"publish","type":"post","link":"https:\/\/www.europesays.com\/es\/746146\/","title":{"rendered":"Rafa Jodar: \u201cEstudi\u00e9 el Bachillerato de Ciencias, Biolog\u00eda y Qu\u00edmica. Hab\u00eda asignaturas como Biolog\u00eda en las que hay que estudiar mucho, muchos nombres y es dif\u00edcil compaginarlo\u201d"},"content":{"rendered":"<p><strong>Rafa J\u00f3dar<\/strong> se ha convertido en una de<a href=\"https:\/\/www.lecturas.com\/actualidad\/asi-es-rafa-jodar-joven-promesa-tenis-espanol-que-sigue-pasos-rafa-nadal-y-carlos-alcaraz_192051\" rel=\"nofollow noopener\" target=\"_blank\"> las grandes revelaciones del tenis mundial<\/a>, pero antes de empezar a codearse con los mejores tuvo que compaginar su carrera deportiva con los libros. El madrile\u00f1o, que hoy tiene 19 a\u00f1os y ya sabe lo que es ganar un t\u00edtulo ATP, tambi\u00e9n pas\u00f3 por una etapa en la que <strong>los entrenamientos de tenis ten\u00edan que encajar con un exigente fin de etapa en el instituto.\u00a0<\/strong><\/p>\n<p><img loading=\"lazy\" decoding=\"async\"   src=\"https:\/\/www.europesays.com\/es\/wp-content\/uploads\/2026\/09\/rafa-jodar_f713f335_260903200151_1200x800.webp\" alt=\"Rafa J\u00f3dar\" class=\"lazyload\" width=\"1200\" height=\"800\" data-aspectratio=\"1200\/800\"\/>&#13;&#13;GTRES<\/p>\n<p>\u00abEstudi\u00e9 el Bachillerato de Ciencias, Biolog\u00eda y Qu\u00edmica. Hab\u00eda asignaturas como Biolog\u00eda en las que hay que estudiar mucho, muchos nombres y es dif\u00edcil compaginarlo. Era complicado porque yo estaba con alumnos de clase que practicaban alg\u00fan deporte, pero no era lo mismo que yo. Yo <strong>ten\u00eda que ir todos los d\u00edas por la tarde al Club de Tenis Chamart\u00edn<\/strong>, a hacer mi entrenamiento, y luego a estudiar\u00bb, recordaba J\u00f3dar sobre aquellos a\u00f1os.<\/p>\n<p>No fue f\u00e1cil<\/p>\n<p>La dificultad no estaba solo en las horas de estudio. Hasta terminar el colegio, el tenista ten\u00eda que organizar su calendario alrededor de las clases, lo que limitaba bastante sus viajes para competir. \u00abToda la vida he ido a un colegio presencial y en Bachillerato, tambi\u00e9n. Con estos estudios presenciales <strong>era mucho m\u00e1s complicado viajar fuera de Espa\u00f1a y de Madrid<\/strong>, porque cuando hay que hacer una gira fuera de casa, no vas al instituto durante un cierto n\u00famero de semanas y eso despu\u00e9s te lastra para hacer los ex\u00e1menes\u00bb.<\/p>\n<p><img loading=\"lazy\" decoding=\"async\"   src=\"https:\/\/www.europesays.com\/es\/wp-content\/uploads\/2026\/09\/1788469580_776_reina-sofia-buque_aa8aa617_260903160143_800x800.webp\" alt=\"Reina Sof\u00eda buque\" class=\"image lazyload\" width=\"800\" height=\"800\" data-aspectratio=\"800\/800\"\/><img loading=\"lazy\" decoding=\"async\" src=\"https:\/\/www.europesays.com\/es\/wp-content\/uploads\/2026\/09\/1788469582_764_reina-sofia-buque_aa8aa617_260903160147_1280x720.webp\" alt=\"&quot;En el acto de celebraci\u00f3n, posterior a la botadura, Sof\u00eda, con gran exquisitez, declin\u00f3 el magn\u00edfico y costoso regalo&quot;: la historia detr\u00e1s de la foto\" class=\"image lazyload\" width=\"1280\" height=\"720\" data-aspectratio=\"1280\/720\"\/><\/p>\n<p>A comienzos de 2024, adem\u00e1s, <strong>sufri\u00f3 un percance f\u00edsico que tampoco ayud\u00f3<\/strong>. \u00abEs verdad que tambi\u00e9n tuve una peque\u00f1a lesi\u00f3n a principios de a\u00f1o que me impidi\u00f3 viajar. Los estudios siempre han sido una prioridad para m\u00ed y es verdad que no he podido ir a muchos torneos que me hubieran gustado\u00bb.<\/p>\n<p><img loading=\"lazy\" decoding=\"async\"   src=\"https:\/\/www.europesays.com\/es\/wp-content\/uploads\/2026\/09\/rafa-jodar_20e17714_260903200328_1200x800.webp\" alt=\"Rafa J\u00f3dar\" class=\"lazyload\" width=\"1200\" height=\"800\" data-aspectratio=\"1200\/800\"\/>&#13;&#13;GTRES<br \/>\nEl tenis empez\u00f3 a ocupar cada vez m\u00e1s espacio<\/p>\n<p>J\u00f3dar consigui\u00f3 terminar sus estudios en junio de 2024 y, a partir de entonces, pudo centrarse mucho m\u00e1s en el tenis. Su verano fue especialmente intenso: disput\u00f3 Roland Garros y Wimbledon y termin\u00f3 conquistando el <strong>US Open j\u00fanior<\/strong>, un t\u00edtulo que supuso un importante empuj\u00f3n para su carrera: \u00abPara m\u00ed ha sido un sue\u00f1o poder haber jugado en esos escenarios en los que he visto tantos partidos por la tele\u00bb, apostillaba entonces.<\/p>\n<p>Aquel triunfo le coloc\u00f3 ante una decisi\u00f3n importante. Con 18 a\u00f1os, ten\u00eda que elegir entre dar el salto directamente al profesionalismo o buscar una alternativa que le permitiera continuar estudiando mientras segu\u00eda compitiendo. Finalmente, <strong>se march\u00f3 a Estados Unidos para jugar en la Universidad de Virginia<\/strong>.<\/p>\n<p><img loading=\"lazy\" decoding=\"async\"   src=\"https:\/\/www.europesays.com\/es\/wp-content\/uploads\/2026\/09\/rafa-jodar_fadbc95e_260903200437_1200x800.webp\" alt=\"Rafa J\u00f3dar\" class=\"lazyload\" width=\"1200\" height=\"800\" data-aspectratio=\"1200\/800\"\/>&#13;&#13;GTRES<\/p>\n<p>La experiencia termin\u00f3 siendo una etapa importante en su crecimiento. Durante 2025 compiti\u00f3 en el tenis universitario, gan\u00f3 tres t\u00edtulos Challenger y fue elegido <strong>Novato Nacional del A\u00f1o<\/strong>, antes de decidir que hab\u00eda llegado el momento de dar el salto definitivo al circuito profesional.<\/p>\n<p>De las clases a los grandes torneos<\/p>\n<p>En enero de 2026, J\u00f3dar anunci\u00f3 que <strong>dejaba la universidad para dedicarse por completo al tenis<\/strong>. Comenz\u00f3 el a\u00f1o como n\u00famero 168 del mundo y en apenas unos meses su progresi\u00f3n se dispar\u00f3. Gan\u00f3 en Marrakech su primer t\u00edtulo ATP, alcanz\u00f3 la final de Washington y las semifinales de Montreal y lleg\u00f3 hasta los cuartos de final de Roland Garros. En agosto alcanz\u00f3 el n\u00famero 11 del ranking mundial.<\/p>\n<p><img loading=\"lazy\" decoding=\"async\"   src=\"https:\/\/www.europesays.com\/es\/wp-content\/uploads\/2026\/09\/rafa-jodar_1410b92b_260903200450_1200x800.webp\" alt=\"Rafa J\u00f3dar\" class=\"lazyload\" width=\"1200\" height=\"800\" data-aspectratio=\"1200\/800\"\/>&#13;&#13;GTRES<\/p>\n<p>El propio J\u00f3dar ya ve\u00eda entonces similitudes entre la exigencia de los estudios y la del deporte profesional. \u00abEra complicado, pero<strong> este proceso me va a ayudar seguro en el mundo del tenis<\/strong>, porque lo veo muy similar. He pasado por momentos duros, pero en la carrera de un profesional tambi\u00e9n se pasa por momentos as\u00ed. Estoy contento de poder haber hecho eso\u00bb.\u00a0<\/p>\n<p>Y aquella etapa que tantas veces le oblig\u00f3 a hacer malabares entre los libros y la pista termin\u00f3 dejando una ense\u00f1anza que ahora le acompa\u00f1a. El joven que estudiaba Biolog\u00eda y Qu\u00edmica por las noches mientras entrenaba cada tarde en Madrid es hoy uno de los tenistas espa\u00f1oles que m\u00e1s expectativas est\u00e1 generando.<\/p>\n<p><img loading=\"lazy\" decoding=\"async\"   src=\"https:\/\/www.europesays.com\/es\/wp-content\/uploads\/2026\/09\/rafa-jodar_0780e3f1_260903200506_1200x800.webp\" alt=\"Rafa J\u00f3dar\" class=\"lazyload\" width=\"1200\" height=\"800\" data-aspectratio=\"1200\/800\"\/>&#13;&#13;GTRES<\/p>\n<p>Eso s\u00ed, si alg\u00fan d\u00eda vuelve a estudiar, parece que tiene bastante claro por d\u00f3nde no quiere empezar: \u00ab<strong>Ahora quiero hacer algo relacionado con Econom\u00eda<\/strong>, Business. Biolog\u00eda y Qu\u00edmica, mejor que no\u00bb, recalcaba con sorna. Aunque sabemos a la perfecci\u00f3n que este deporte no solo ha sido su descubridor, sino que ser\u00e1 tambi\u00e9n el culmen de su vida profesional.\u00a0<\/p>\n","protected":false},"excerpt":{"rendered":"Rafa J\u00f3dar se ha convertido en una de las grandes revelaciones del tenis mundial, pero antes de empezar&hellip;\n","protected":false},"author":2,"featured_media":746147,"comment_status":"","ping_status":"","sticky":false,"template":"","format":"standard","meta":{"footnotes":""},"categories":[274],"tags":[168,25,24,23,167,327,326],"class_list":["post-746146","post","type-post","status-publish","format-standard","has-post-thumbnail","category-tenis","tag-deportes","tag-es","tag-espana","tag-spain","tag-sports","tag-tenis","tag-tennis"],"share_on_mastodon":{"url":"https:\/\/pubeurope.com\/@es\/117209150882923821","error":""},"_links":{"self":[{"href":"https:\/\/www.europesays.com\/es\/wp-json\/wp\/v2\/posts\/746146","targetHints":{"allow":["GET"]}}],"collection":[{"href":"https:\/\/www.europesays.com\/es\/wp-json\/wp\/v2\/posts"}],"about":[{"href":"https:\/\/www.europesays.com\/es\/wp-json\/wp\/v2\/types\/post"}],"author":[{"embeddable":true,"href":"https:\/\/www.europesays.com\/es\/wp-json\/wp\/v2\/users\/2"}],"replies":[{"embeddable":true,"href":"https:\/\/www.europesays.com\/es\/wp-json\/wp\/v2\/comments?post=746146"}],"version-history":[{"count":0,"href":"https:\/\/www.europesays.com\/es\/wp-json\/wp\/v2\/posts\/746146\/revisions"}],"wp:featuredmedia":[{"embeddable":true,"href":"https:\/\/www.europesays.com\/es\/wp-json\/wp\/v2\/media\/746147"}],"wp:attachment":[{"href":"https:\/\/www.europesays.com\/es\/wp-json\/wp\/v2\/media?parent=746146"}],"wp:term":[{"taxonomy":"category","embeddable":true,"href":"https:\/\/www.europesays.com\/es\/wp-json\/wp\/v2\/categories?post=746146"},{"taxonomy":"post_tag","embeddable":true,"href":"https:\/\/www.europesays.com\/es\/wp-json\/wp\/v2\/tags?post=746146"}],"curies":[{"name":"wp","href":"https:\/\/api.w.org\/{rel}","templated":true}]}}