{"id":746148,"date":"2026-09-03T21:07:11","date_gmt":"2026-09-03T21:07:11","guid":{"rendered":"https:\/\/www.europesays.com\/es\/746148\/"},"modified":"2026-09-03T21:07:11","modified_gmt":"2026-09-03T21:07:11","slug":"la-vuelta-2026-perfil-recorrido-hora-y-donde-ver-la-etapa-13","status":"publish","type":"post","link":"https:\/\/www.europesays.com\/es\/746148\/","title":{"rendered":"La Vuelta 2026: perfil, recorrido, hora y d\u00f3nde ver la etapa 13"},"content":{"rendered":"<p>La <strong>Vuelta a Espa\u00f1a 2026 <\/strong>contin\u00faa este viernes con la 13\u00aa etapa de media monta\u00f1a entre Almu\u00f1\u00e9car y Loja, en la provincia de Granada, una jornada ideal para los aventureros.<\/p>\n<p>Con todo, los hombres fuertes tambi\u00e9n tendr\u00e1n que estar alerta porque en el recorrido se pueden preparar emboscadas. Ahora, despu\u00e9s de otra gran prestaci\u00f3n en la subida a Calar Alto, <strong>Enric Mas <\/strong>(Movistar) afrontar\u00e1 esta prueba con 1:45 de ventaja sobre Primoz Roglic (Red Bull), su m\u00e1s inmediato seguidor en la <strong>clasificaci\u00f3n general<\/strong>.<\/p>\n<p>Etapa 13 de La Vuelta 2026: perfil y recorrido <\/p>\n<p>La decimotercera etapa de La Vuelta 26 se disputar\u00e1 este viernes 4 de septiembre sobre un trazado de <strong>media monta\u00f1a de 193 kil\u00f3metros <\/strong>entre Almu\u00f1\u00e9car y Loja. <\/p>\n<p>\u00a0lavuelta.es<\/p>\n<p>La carrera partir\u00e1 a nivel del mar desde la localidad costera de <strong>Almu\u00f1\u00e9car <\/strong>para adentrarse r\u00e1pidamente hacia el interior granadino. Se trata de una etapa quebrada y terreno rompepiernas, marcada por el encadenamiento de ascensos sin apenas tramos llanos de transici\u00f3n y un total de <strong>3.400 m. de desnivel positivo acumulado<\/strong>. <\/p>\n<p>El trazado acumula tres puertos puntuables distribuidos a lo largo del recorrido que ir\u00e1n desgastando las fuerzas del pelot\u00f3n. <\/p>\n<p>El m\u00e1s duro, el <strong>Alto de la Venta de la Cebada<\/strong>, catalogado de primera categor\u00eda, se empezar\u00e1 a subir en el km 17 de la etapa. Son 14,1 km de ascenso al 5,1% de desnivel medio y rampas m\u00e1ximas del 12%, seg\u00fan el libro de ruta.<\/p>\n<p>Posteriormente los corredores se encontrar\u00e1n con el <strong>Alto del<\/strong> <strong>Legionario <\/strong>a mitad de etapa y el<strong> Puerto de Granada <\/strong>en el tramo final, ambos de 2\u00aa categor\u00eda.<\/p>\n<p>El director deportivo de La Vuelta, <strong>Fernando Escart\u00edn<\/strong>, comenta lo siguiente: \u00abUna etapa sinuosa que acumula dureza en su primera parte. Ser\u00e1 dif\u00edcil de controlar y deber\u00eda ser un d\u00eda para hombres fuertes o velocistas que pasen bien las ascensiones de la jornada\u00bb.<\/p>\n<p>Hora y d\u00f3nde ver la etapa 13 de La Vuelta 2026<\/p>\n<p>La<strong> etapa 13 de La Vuelta 2026<\/strong> podr\u00e1 seguirse <strong>en directo a partir de las 14.45 horas<\/strong> en <strong>Teledeporte <\/strong>y despu\u00e9s del Telediario en<strong> La 1 de Televisi\u00f3n Espa\u00f1ola<\/strong>, as\u00ed como en la plataforma <strong>RTVE Play <\/strong>sin necesidad de cambiar de canal, por <strong>TDP 2<\/strong>. Tambi\u00e9n podr\u00e1 seguir todo lo que ocurra durante la carrera en <strong>RNE <\/strong>y la \u00faltima hora a trav\u00e9s de TDP Noticias.<\/p>\n","protected":false},"excerpt":{"rendered":"La Vuelta a Espa\u00f1a 2026 contin\u00faa este viernes con la 13\u00aa etapa de media monta\u00f1a entre Almu\u00f1\u00e9car y&hellip;\n","protected":false},"author":2,"featured_media":746149,"comment_status":"","ping_status":"","sticky":false,"template":"","format":"standard","meta":{"footnotes":""},"categories":[273],"tags":[313,312,168,25,24,23,167],"class_list":["post-746148","post","type-post","status-publish","format-standard","has-post-thumbnail","category-ciclismo","tag-ciclismo","tag-cycling","tag-deportes","tag-es","tag-espana","tag-spain","tag-sports"],"share_on_mastodon":{"url":"","error":""},"_links":{"self":[{"href":"https:\/\/www.europesays.com\/es\/wp-json\/wp\/v2\/posts\/746148","targetHints":{"allow":["GET"]}}],"collection":[{"href":"https:\/\/www.europesays.com\/es\/wp-json\/wp\/v2\/posts"}],"about":[{"href":"https:\/\/www.europesays.com\/es\/wp-json\/wp\/v2\/types\/post"}],"author":[{"embeddable":true,"href":"https:\/\/www.europesays.com\/es\/wp-json\/wp\/v2\/users\/2"}],"replies":[{"embeddable":true,"href":"https:\/\/www.europesays.com\/es\/wp-json\/wp\/v2\/comments?post=746148"}],"version-history":[{"count":0,"href":"https:\/\/www.europesays.com\/es\/wp-json\/wp\/v2\/posts\/746148\/revisions"}],"wp:featuredmedia":[{"embeddable":true,"href":"https:\/\/www.europesays.com\/es\/wp-json\/wp\/v2\/media\/746149"}],"wp:attachment":[{"href":"https:\/\/www.europesays.com\/es\/wp-json\/wp\/v2\/media?parent=746148"}],"wp:term":[{"taxonomy":"category","embeddable":true,"href":"https:\/\/www.europesays.com\/es\/wp-json\/wp\/v2\/categories?post=746148"},{"taxonomy":"post_tag","embeddable":true,"href":"https:\/\/www.europesays.com\/es\/wp-json\/wp\/v2\/tags?post=746148"}],"curies":[{"name":"wp","href":"https:\/\/api.w.org\/{rel}","templated":true}]}}