{"id":746150,"date":"2026-09-03T21:09:15","date_gmt":"2026-09-03T21:09:15","guid":{"rendered":"https:\/\/www.europesays.com\/es\/746150\/"},"modified":"2026-09-03T21:09:15","modified_gmt":"2026-09-03T21:09:15","slug":"el-gran-canaria-de-savignani-suma-rodaje-en-la-laguna-96-84","status":"publish","type":"post","link":"https:\/\/www.europesays.com\/es\/746150\/","title":{"rendered":"El Gran Canaria de Savignani suma rodaje en La Laguna (96-84)"},"content":{"rendered":"<p>Los amarillos tuvieron este jueves, a puerta cerrada, su primera prueba de pretemporada.<\/p>\n<p class=\"wp-block-paragraph\">Lleg\u00f3 la tercera semana de entrenamientos y con ella el inicio de las pruebas amistosas del Gran Canaria de Bruno Savignani. Lo hizo, eso s\u00ed, a puerta cerrada, en un encuentro con La Laguna Tenerife en el recinto tinerfe\u00f1o del Santiago Mart\u00edn.<\/p>\n<p class=\"wp-block-paragraph\">El primer quinteto del preparador brasile\u00f1o estuvo formado por Carlos Aloc\u00e9n en la direcci\u00f3n de juego; Joe Cremo y Marques Townes como pareja exterior; y Robert Stumbris y Fran Guerra como dupla en la pintura. Los laguneros, que arrancaron con Fern\u00e1ndez, Guy, L\u00f3pez-Ar\u00f3stegui, Doornekamp y Happ, fueron quienes llevaron la voz cantante en un primer acto que finaliz\u00f3 con ventaja local (28-18). El conjunto grancanario, no obstante, fue capaz de recortar distancias en un segundo parcial dominado en el tanteo (19-26) y en sensaciones, siendo capaces de anotar con facilidad y con diferentes alternativas (47-44).<\/p>\n<p><img loading=\"lazy\" decoding=\"async\" width=\"1024\" height=\"683\" src=\"https:\/\/www.europesays.com\/es\/wp-content\/uploads\/2026\/09\/Derbi_Amistoso_004-1024x683.jpeg\" alt=\"\" class=\"wp-image-106298\"  \/><\/p>\n<p class=\"wp-block-paragraph\">Esa facilidad anotadora de los visitantes fue detenida por la escuadra de Jaka Lakovic tras el paso por vestuarios, con los aurinegros limitando al \u2018Granca\u2019 a 15 puntos en un parcial que permiti\u00f3 a los locales abrir brecha en el marcador nuevamente (73-59). El choque acab\u00f3 con un marcador de 96-84 en la que fue la primera prueba de pretemporada para ambos equipos. En el lado amarillo, tuvieron minutos los jugadores del filial Code Mbengue, Saba Merebashvili y Sasha Panasiuk.<\/p>\n<p class=\"wp-block-paragraph\">Con Joaqu\u00edn Rodr\u00edguez y J\u00f3n Axel Gudmundsson reci\u00e9n llegados de sus compromisos internacionales, ahora el equipo grancanario retornar\u00e1 a los entrenamientos ma\u00f1ana mismo, viernes, para descansar el fin de semana antes de encarar una cuarta semana de pretemporada en la que aguardar\u00e1n dos amistosos m\u00e1s: ante Flexicar Fuenlabrada y ante Tizona Burgos, ambos en tierras peninsulares.<\/p>\n<p>Ficha del partido<\/p>\n<p class=\"wp-block-paragraph\">La Laguna Tenerife 96 (28+19+26+23): Fern\u00e1ndez (11), Guy (11), L\u00f3pez-Ar\u00f3stegui (5), Doornekamp (2), Happ (4) -Quinteto inicial- Bamba (15), Huertas (3), Shermadini (14), Van Beck (15), Rodr\u00edguez (0), Abromaitis (2), Hunter (6), Alderete (2) y Kurucs (6).<\/p>\n<p class=\"wp-block-paragraph\">Gran Canaria 84 (18+26+15+25): Aloc\u00e9n (3), Cremo (6), Townes (14), Stumbris (10), Guerra (15) -Quinteto inicial- Gudmundsson (7), Rodr\u00edguez (2), Merebashvili (0), Pelos (11), Mbengue (3), Rubio (3), D\u00edaz (2), Panasiuk (3) y Fischer (5).<\/p>\n","protected":false},"excerpt":{"rendered":"Los amarillos tuvieron este jueves, a puerta cerrada, su primera prueba de pretemporada. Lleg\u00f3 la tercera semana de&hellip;\n","protected":false},"author":2,"featured_media":746151,"comment_status":"","ping_status":"","sticky":false,"template":"","format":"standard","meta":{"footnotes":""},"categories":[269],"tags":[299,298,168,25,24,23,167],"class_list":["post-746150","post","type-post","status-publish","format-standard","has-post-thumbnail","category-baloncesto","tag-baloncesto","tag-basketball","tag-deportes","tag-es","tag-espana","tag-spain","tag-sports"],"share_on_mastodon":{"url":"https:\/\/pubeurope.com\/@es\/117209162264579369","error":""},"_links":{"self":[{"href":"https:\/\/www.europesays.com\/es\/wp-json\/wp\/v2\/posts\/746150","targetHints":{"allow":["GET"]}}],"collection":[{"href":"https:\/\/www.europesays.com\/es\/wp-json\/wp\/v2\/posts"}],"about":[{"href":"https:\/\/www.europesays.com\/es\/wp-json\/wp\/v2\/types\/post"}],"author":[{"embeddable":true,"href":"https:\/\/www.europesays.com\/es\/wp-json\/wp\/v2\/users\/2"}],"replies":[{"embeddable":true,"href":"https:\/\/www.europesays.com\/es\/wp-json\/wp\/v2\/comments?post=746150"}],"version-history":[{"count":0,"href":"https:\/\/www.europesays.com\/es\/wp-json\/wp\/v2\/posts\/746150\/revisions"}],"wp:featuredmedia":[{"embeddable":true,"href":"https:\/\/www.europesays.com\/es\/wp-json\/wp\/v2\/media\/746151"}],"wp:attachment":[{"href":"https:\/\/www.europesays.com\/es\/wp-json\/wp\/v2\/media?parent=746150"}],"wp:term":[{"taxonomy":"category","embeddable":true,"href":"https:\/\/www.europesays.com\/es\/wp-json\/wp\/v2\/categories?post=746150"},{"taxonomy":"post_tag","embeddable":true,"href":"https:\/\/www.europesays.com\/es\/wp-json\/wp\/v2\/tags?post=746150"}],"curies":[{"name":"wp","href":"https:\/\/api.w.org\/{rel}","templated":true}]}}