{"id":746162,"date":"2026-09-03T21:16:20","date_gmt":"2026-09-03T21:16:20","guid":{"rendered":"https:\/\/www.europesays.com\/es\/746162\/"},"modified":"2026-09-03T21:16:20","modified_gmt":"2026-09-03T21:16:20","slug":"ryan-reynolds-y-kenneth-branagh-se-meten-en-la-guerra-fria-con-mayday-la-nueva-apuesta-de-apple-tv","status":"publish","type":"post","link":"https:\/\/www.europesays.com\/es\/746162\/","title":{"rendered":"Ryan Reynolds y Kenneth Branagh se meten en la Guerra Fr\u00eda con \u201cMayday\u201d, la nueva apuesta de Apple TV"},"content":{"rendered":"<p class=\"article-body__paragraph\"><b>Ryan Reynolds <\/b>y <b>Kenneth Branagh <\/b>encabezan <b>Mayday<\/b>, la nueva pel\u00edcula de Apple Original Films que llegar\u00e1 a Apple TV este 4 de septiembre con una historia que cruza espionaje, acci\u00f3n y humor en plena Guerra Fr\u00eda.<\/p>\n<p class=\"article-body__paragraph\">La historia pone a Reynolds en el papel del teniente Troy \u201cAssassin\u201d Kelly, un temerario piloto de la Marina de Estados Unidos que recibe una delicada misi\u00f3n:<b> infiltrarse en territorio ruso sin levantar sospechas.<\/b><\/p>\n<p class=\"article-body__paragraph\">El operativo, sin embargo, no sale como estaba previsto. Kelly termina aislado detr\u00e1s de las l\u00edneas enemigas y obligado a encontrar una forma de sobrevivir mientras intenta escapar de una situaci\u00f3n cada vez m\u00e1s complicada.<\/p>\n<p class=\"article-body__paragraph\">En ese escenario aparece Nikolai Ustinov, interpretado por Kenneth Branagh, un antiguo agente de la KGB que, pese a su pasado y apariencia implacable, guarda una curiosa fascinaci\u00f3n por la cultura estadounidense.<\/p>\n<p class=\"article-body__paragraph\">Y aunque el encuentro parece inicialmente una p\u00e9sima noticia para el piloto norteamericano, que da por hecho que su misi\u00f3n ha terminado, la relaci\u00f3n entre ambos comienza a tomar un rumbo bastante distinto al esperado.<\/p>\n<p class=\"article-body__paragraph\">Vean el tr\u00e1iler a continuaci\u00f3n.<\/p>\n<p class=\"article-body__paragraph\">A partir de su improbable dupla, Mayday busca darle una vuelta al tradicional relato de espionaje. Seg\u00fan explican desde Apple, en lugar de quedarse \u00fanicamente en persecuciones y conspiraciones, la pel\u00edcula apuesta tambi\u00e9n por la qu\u00edmica entre sus protagonistas.<\/p>\n<p class=\"article-body__paragraph\">Reynolds vuelve as\u00ed al terreno de la comedia de acci\u00f3n, en donde ha cosechado sus mayores \u00e9xitos, mientras Branagh se instala como su inesperado compa\u00f1ero de ruta en una historia marcada por las diferencias entre dos personajes situados, en principio, en bandos opuestos.<\/p>\n<p class=\"article-body__paragraph\">El reparto se completa con Marcin Dorocinski y Maria Bakalova. La pel\u00edcula fue escrita y dirigida por John Francis Daley y Jonathan Goldstein, dupla que previamente realiz\u00f3 Noche de juegos (2018) y Calabozos y dragones: Honor entre ladrones (2023), adem\u00e1s de escribir Spider-Man: Homecoming,<\/p>\n<p class=\"article-body__paragraph\">El estreno de Mayday est\u00e1 fijado para este viernes 4 de septiembre.<\/p>\n<p><img alt=\"\" class=\"global-image\" decoding=\"async\"  src=\"https:\/\/www.europesays.com\/es\/wp-content\/uploads\/2026\/09\/DQ4PCFLGY5F55KLOJAW4A3I5AU.jpg\"  fetchpriority=\"low\" loading=\"lazy\"\/><img alt=\"\" class=\"global-image\" decoding=\"async\"  src=\"https:\/\/www.europesays.com\/es\/wp-content\/uploads\/2026\/09\/KYFNI3IFDJC5RA6DXE7T4VPS6A.jpg\"  fetchpriority=\"low\" loading=\"lazy\"\/><\/p>\n","protected":false},"excerpt":{"rendered":"Ryan Reynolds y Kenneth Branagh encabezan Mayday, la nueva pel\u00edcula de Apple Original Films que llegar\u00e1 a Apple&hellip;\n","protected":false},"author":2,"featured_media":746163,"comment_status":"","ping_status":"","sticky":false,"template":"","format":"standard","meta":{"footnotes":""},"categories":[169],"tags":[177,146,147,25,24,176,125958,132046,175,34715,23],"class_list":["post-746162","post","type-post","status-publish","format-standard","has-post-thumbnail","category-cine","tag-cine","tag-entertainment","tag-entretenimiento","tag-es","tag-espana","tag-film","tag-kenneth-branagh","tag-mayday","tag-movies","tag-ryan-reynolds","tag-spain"],"share_on_mastodon":{"url":"https:\/\/pubeurope.com\/@es\/117209188926237489","error":""},"_links":{"self":[{"href":"https:\/\/www.europesays.com\/es\/wp-json\/wp\/v2\/posts\/746162","targetHints":{"allow":["GET"]}}],"collection":[{"href":"https:\/\/www.europesays.com\/es\/wp-json\/wp\/v2\/posts"}],"about":[{"href":"https:\/\/www.europesays.com\/es\/wp-json\/wp\/v2\/types\/post"}],"author":[{"embeddable":true,"href":"https:\/\/www.europesays.com\/es\/wp-json\/wp\/v2\/users\/2"}],"replies":[{"embeddable":true,"href":"https:\/\/www.europesays.com\/es\/wp-json\/wp\/v2\/comments?post=746162"}],"version-history":[{"count":0,"href":"https:\/\/www.europesays.com\/es\/wp-json\/wp\/v2\/posts\/746162\/revisions"}],"wp:featuredmedia":[{"embeddable":true,"href":"https:\/\/www.europesays.com\/es\/wp-json\/wp\/v2\/media\/746163"}],"wp:attachment":[{"href":"https:\/\/www.europesays.com\/es\/wp-json\/wp\/v2\/media?parent=746162"}],"wp:term":[{"taxonomy":"category","embeddable":true,"href":"https:\/\/www.europesays.com\/es\/wp-json\/wp\/v2\/categories?post=746162"},{"taxonomy":"post_tag","embeddable":true,"href":"https:\/\/www.europesays.com\/es\/wp-json\/wp\/v2\/tags?post=746162"}],"curies":[{"name":"wp","href":"https:\/\/api.w.org\/{rel}","templated":true}]}}