{"id":746164,"date":"2026-09-03T21:17:23","date_gmt":"2026-09-03T21:17:23","guid":{"rendered":"https:\/\/www.europesays.com\/es\/746164\/"},"modified":"2026-09-03T21:17:23","modified_gmt":"2026-09-03T21:17:23","slug":"angel-haro-devela-el-final-del-mercado-del-betis-con-ez-abde","status":"publish","type":"post","link":"https:\/\/www.europesays.com\/es\/746164\/","title":{"rendered":"\u00c1ngel Haro devela el final del mercado del Betis con Ez Abde"},"content":{"rendered":"<p data-gtm-element-container=\"modulo-texto-link\" class=\"paragraph\"><strong>Angel Haro<\/strong>, presidente del <strong>Betis<\/strong>, ha explicado el proceso del fichaje de Dani Ceballos, ha confirmado que el \u00faltimo d\u00eda de mercado lleg\u00f3 una interesante oferta por <strong>Ez Abde <\/strong>y ha dicho que \u00abcreemos que tenemos un equipo mejor que el a\u00f1o pasado\u00bb, en referencia al mercado de fichajes estival que ha llevado a cabo el club verdiblanco.<\/p>\n<p data-gtm-element-container=\"modulo-texto-link\" class=\"paragraph\">\u00abTen\u00edamos una hoja de ruta marcada en base a las llegadas que ten\u00edamos que llevar a cabo y que si se cumpl\u00eda se podr\u00eda acometer el fichaje de Dani (Ceballos). Nos hubiera gustado tambi\u00e9n la salida de alg\u00fan jugador que tiene menos minutos, pero hay que entender que tienen contratos. Deber\u00edamos haber hecho una gran venta que nos permitiese cuadrar cuentas. Hay que tener claro que el Betis tiene unos gastos ordinarios formados por plantilla y con nuestros ingresos ordinarios no es suficiente, hay que tener plusval\u00edas, no ventas. Tener la quinta plantilla en gasto conlleva que no es suficiente con ingresos ordinarios\u00bb.<\/p>\n<p data-gtm-element-container=\"modulo-texto-link\" class=\"paragraph\">En este sentido, indic\u00f3 que \u00ablleg\u00f3 una oportunidad de gran venta con Ez Abde, el \u00faltimo d\u00eda del mercado, pero pedimos la cl\u00e1usula, no se lleg\u00f3 y decidimos mantener la plantilla. Creemos que tenemos un equipo mejor que el a\u00f1o pasado\u201d, indicaba el presidente b\u00e9tico sobre el mercado.<\/p>\n","protected":false},"excerpt":{"rendered":"Angel Haro, presidente del Betis, ha explicado el proceso del fichaje de Dani Ceballos, ha confirmado que el&hellip;\n","protected":false},"author":2,"featured_media":746165,"comment_status":"","ping_status":"","sticky":false,"template":"","format":"standard","meta":{"footnotes":""},"categories":[93],"tags":[168,25,24,23,167],"class_list":["post-746164","post","type-post","status-publish","format-standard","has-post-thumbnail","category-deportes","tag-deportes","tag-es","tag-espana","tag-spain","tag-sports"],"share_on_mastodon":{"url":"https:\/\/pubeurope.com\/@es\/117209192936304212","error":""},"_links":{"self":[{"href":"https:\/\/www.europesays.com\/es\/wp-json\/wp\/v2\/posts\/746164","targetHints":{"allow":["GET"]}}],"collection":[{"href":"https:\/\/www.europesays.com\/es\/wp-json\/wp\/v2\/posts"}],"about":[{"href":"https:\/\/www.europesays.com\/es\/wp-json\/wp\/v2\/types\/post"}],"author":[{"embeddable":true,"href":"https:\/\/www.europesays.com\/es\/wp-json\/wp\/v2\/users\/2"}],"replies":[{"embeddable":true,"href":"https:\/\/www.europesays.com\/es\/wp-json\/wp\/v2\/comments?post=746164"}],"version-history":[{"count":0,"href":"https:\/\/www.europesays.com\/es\/wp-json\/wp\/v2\/posts\/746164\/revisions"}],"wp:featuredmedia":[{"embeddable":true,"href":"https:\/\/www.europesays.com\/es\/wp-json\/wp\/v2\/media\/746165"}],"wp:attachment":[{"href":"https:\/\/www.europesays.com\/es\/wp-json\/wp\/v2\/media?parent=746164"}],"wp:term":[{"taxonomy":"category","embeddable":true,"href":"https:\/\/www.europesays.com\/es\/wp-json\/wp\/v2\/categories?post=746164"},{"taxonomy":"post_tag","embeddable":true,"href":"https:\/\/www.europesays.com\/es\/wp-json\/wp\/v2\/tags?post=746164"}],"curies":[{"name":"wp","href":"https:\/\/api.w.org\/{rel}","templated":true}]}}