{"id":746176,"date":"2026-09-03T21:23:10","date_gmt":"2026-09-03T21:23:10","guid":{"rendered":"https:\/\/www.europesays.com\/es\/746176\/"},"modified":"2026-09-03T21:23:10","modified_gmt":"2026-09-03T21:23:10","slug":"espana-sera-un-pais-arruinado-afirma-trump","status":"publish","type":"post","link":"https:\/\/www.europesays.com\/es\/746176\/","title":{"rendered":"\u00abEspa\u00f1a ser\u00e1 un pa\u00eds arruinado\u00bb, afirma Trump"},"content":{"rendered":"<p>El presidente de Estados Unidos, <a class=\"internal-link\" href=\"https:\/\/www.dw.com\/es\/donald-trump\/t-19445010\" rel=\"nofollow noopener\" target=\"_blank\">Donald Trump<\/a>, critic\u00f3 este mi\u00e9rcoles (03.09.2026) la gesti\u00f3n del gobierno socialista de <a class=\"internal-link\" href=\"https:\/\/www.dw.com\/es\/s\u00e1nchez-pedro\/t-38940946\" rel=\"nofollow noopener\" target=\"_blank\">Pedro S\u00e1nchez<\/a> y se refiri\u00f3 a la crisis en Ceuta, donde m\u00e1s de 70.000 migrantes ilegales irrumpieron en dos d\u00edas en julio.<\/p>\n<p>\u00abEspa\u00f1a ser\u00e1 un pa\u00eds arruinado. Tengo problemas con <a class=\"internal-link\" href=\"https:\/\/www.dw.com\/es\/espa\u00f1a\/t-17411938\" rel=\"nofollow noopener\" target=\"_blank\">Espa\u00f1a<\/a> porque no se est\u00e1 comportando demasiado bien con respecto a la OTAN y no paga lo que deber\u00eda pagar\u00bb, declar\u00f3 el mandatario en una entrevista con el canal brit\u00e1nico GB News.<\/p>\n<p>El l\u00edder de la Casa Blanca consider\u00f3 \u00abterrible\u00bb la situaci\u00f3n porque los dem\u00e1s pa\u00edses de la alianza atl\u00e1ntica aceptaron elevar el gasto militar, mientras que Espa\u00f1a dice\u00a0 \u00abYo no pago\u00bb.<\/p>\n<p>Asimismo, aludi\u00f3 a la entrada masiva de migrantes ilegales en la ciudad aut\u00f3noma espa\u00f1ola de <a class=\"internal-link\" href=\"https:\/\/www.dw.com\/es\/ceuta\/t-36696686\" rel=\"nofollow noopener\" target=\"_blank\">Ceuta<\/a>, fronteriza con Marruecos, el pasado 30 de julio. \u00abLo que est\u00e1 ocurriendo all\u00ed es muy triste de ver (&#8230;) Miles de personas irrumpiendo en masa en su pa\u00eds. Nunca he visto nada igual\u00bb, expres\u00f3.<\/p>\n<p><strong>Estados Unido ser\u00e1 como Ceuta\u00a0\u00absi gana el lado equivocado\u00bb<\/strong><\/p>\n<p>Trump mantiene una relaci\u00f3n tensa con el gobierno de S\u00e1nchez por la postura del pa\u00eds europeo sobre el gasto militar y por su negativa a autorizar el uso de bases militares en su territorio para abastecer a aviones de combate estadounidenses que participan en la guerra contra el r\u00e9gimen isl\u00e1mico de Ir\u00e1n.<\/p>\n<p>El mandatario tambi\u00e9n advirti\u00f3 a los estadounidenses a finales de julio que <a class=\"internal-link\" href=\"https:\/\/www.dw.com\/es\/trump-advierte-que-estados-unidos-ser\u00e1-como-ceuta-si-ganan-los-dem\u00f3cratas\/a-78196184\" rel=\"nofollow noopener\" target=\"_blank\">la situaci\u00f3n en Ceuta podr\u00eda repetirse en Estados Unidos<\/a> \u00absi gana el lado equivocado\u00bb, de cara a las elecciones legislativas del pr\u00f3ximo 3 de noviembre. \u00abSi los dem\u00f3cratas llegan al poder, no vamos a vivir muy bien\u00bb, sostuvo.<\/p>\n<p>rr efe\/el pa\u00eds<\/p>\n<p>No dejes que el algoritmo oculte las noticias. Si conf\u00edas en este sitio para obtener informaci\u00f3n confiable, por favor dedica un momento a seleccionarnos como tu fuente preferida en Google:\u00a0<a href=\"https:\/\/www.google.com\/preferences\/source?q=dw.com\" rel=\"nofollow noopener\" target=\"_blank\">haz clic aqu\u00ed<\/a>\u00a0y marca el casillero o pulsa el bot\u00f3n de DW.com para ver siempre nuestras noticias verificadas en tus preferencias.\u00a0<\/p>\n","protected":false},"excerpt":{"rendered":"El presidente de Estados Unidos, Donald Trump, critic\u00f3 este mi\u00e9rcoles (03.09.2026) la gesti\u00f3n del gobierno socialista de Pedro&hellip;\n","protected":false},"author":2,"featured_media":746177,"comment_status":"","ping_status":"","sticky":false,"template":"","format":"standard","meta":{"footnotes":""},"categories":[8],"tags":[17,18,25,24,13,14,11,19,20,9,10,15,16,23,12,21,22],"class_list":["post-746176","post","type-post","status-publish","format-standard","has-post-thumbnail","category-espana","tag-breaking-news","tag-breakingnews","tag-es","tag-espana","tag-featured-news","tag-featurednews","tag-headlines","tag-latest-news","tag-latestnews","tag-news","tag-noticias","tag-noticias-destacadas","tag-noticiasdestacadas","tag-spain","tag-titulares","tag-ultimas-noticias","tag-ultimasnoticias"],"share_on_mastodon":{"url":"https:\/\/pubeurope.com\/@es\/117209216320862797","error":""},"_links":{"self":[{"href":"https:\/\/www.europesays.com\/es\/wp-json\/wp\/v2\/posts\/746176","targetHints":{"allow":["GET"]}}],"collection":[{"href":"https:\/\/www.europesays.com\/es\/wp-json\/wp\/v2\/posts"}],"about":[{"href":"https:\/\/www.europesays.com\/es\/wp-json\/wp\/v2\/types\/post"}],"author":[{"embeddable":true,"href":"https:\/\/www.europesays.com\/es\/wp-json\/wp\/v2\/users\/2"}],"replies":[{"embeddable":true,"href":"https:\/\/www.europesays.com\/es\/wp-json\/wp\/v2\/comments?post=746176"}],"version-history":[{"count":0,"href":"https:\/\/www.europesays.com\/es\/wp-json\/wp\/v2\/posts\/746176\/revisions"}],"wp:featuredmedia":[{"embeddable":true,"href":"https:\/\/www.europesays.com\/es\/wp-json\/wp\/v2\/media\/746177"}],"wp:attachment":[{"href":"https:\/\/www.europesays.com\/es\/wp-json\/wp\/v2\/media?parent=746176"}],"wp:term":[{"taxonomy":"category","embeddable":true,"href":"https:\/\/www.europesays.com\/es\/wp-json\/wp\/v2\/categories?post=746176"},{"taxonomy":"post_tag","embeddable":true,"href":"https:\/\/www.europesays.com\/es\/wp-json\/wp\/v2\/tags?post=746176"}],"curies":[{"name":"wp","href":"https:\/\/api.w.org\/{rel}","templated":true}]}}