{"id":746180,"date":"2026-09-03T21:29:09","date_gmt":"2026-09-03T21:29:09","guid":{"rendered":"https:\/\/www.europesays.com\/es\/746180\/"},"modified":"2026-09-03T21:29:09","modified_gmt":"2026-09-03T21:29:09","slug":"espectacular-puesta-en-escena-del-open-de-ferias-de-salamanca-de-la-valmuza-golf","status":"publish","type":"post","link":"https:\/\/www.europesays.com\/es\/746180\/","title":{"rendered":"Espectacular puesta en escena del Open de Ferias de Salamanca de La Valmuza Golf"},"content":{"rendered":"<p class=\"v-d-p\">El <strong>III Open de Ferias de Salamanca by Vredestein Tyres<\/strong> ha dado comienzo este jueves con una espectacular presentaci\u00f3n, que ha tenido lugar en el <strong>Teatro Unicaja<\/strong>. 100 jugadores y jugadoras, repartidos en 20 franquicias pelear\u00e1n desde el viernes hasta el domingo en <strong>La Valmuza Golf<\/strong> por el t\u00edtulo de campeones, la capa charra y el billete para jugar el pr\u00f3ximo a\u00f1o en el Real Golf de Pedre\u00f1a.<\/p>\n<p class=\"v-d-p\">Los capitanes de los distintos equipos han llegado al evento montados en veh\u00edculos Hyundai y despu\u00e9s de las primeras intervenciones todos los componentes han recibido los polos oficiales de color verde con los que van a disputar un campeonato que va mucho m\u00e1s all\u00e1 del golf: \u201cEs deporte, empresa, gastronom\u00eda y mucha Salamanca\u201d, destacaron desde la organizaci\u00f3n.<\/p>\n<p class=\"v-d-p\"><strong>Alberto D\u00e1vila<\/strong>, director de La Valmuza Golf, explic\u00f3 todos los detalles del Open de Ferias y tambi\u00e9n tomaron la palabra <strong>Almudena Parres<\/strong>, concejala de Deportes del Ayuntamiento de Salamanca, y<strong> Juan Carlos Zaballos<\/strong>, diputado de Turismo, que coincidieron en destacar la labor de las empresas en beneficio de Salamanca, y especialmente la labor de <strong>Eustaquio Andr\u00e9s<\/strong> al recuperar el campo de La Valmuza y poner en marcha iniciativas como este torneo.<\/p>\n<p class=\"v-d-p\">Para terminar, Alberto D\u00e1vila dio algunas explicaciones de las novedades en el reglamento y lanz\u00f3 un mensaje a los jugadores: \u201cQueremos que no pens\u00e9is en otra cosa que en <strong>disfrutar jugando al golf<\/strong>\u201d.<\/p>\n<p>                <img decoding=\"async\" loading=\"lazy\" src=\"https:\/\/www.europesays.com\/es\/wp-content\/uploads\/2026\/09\/1.jpg\" class=\"v-a-img\" alt=\"Espectacular puesta en escena del Open de Ferias de Salamanca de La Valmuza Golf\"\/><\/p>\n<p>                <img decoding=\"async\" loading=\"lazy\" src=\"https:\/\/www.europesays.com\/es\/wp-content\/uploads\/2026\/09\/1788470895_213_2.jpg\" class=\"v-a-img\" alt=\"Espectacular puesta en escena del Open de Ferias de Salamanca de La Valmuza Golf\"\/><\/p>\n<p>                <img decoding=\"async\" loading=\"lazy\" src=\"https:\/\/www.europesays.com\/es\/wp-content\/uploads\/2026\/09\/3.jpg\" class=\"v-a-img\" alt=\"Espectacular puesta en escena del Open de Ferias de Salamanca de La Valmuza Golf\"\/><\/p>\n<p>                <img decoding=\"async\" loading=\"lazy\" src=\"https:\/\/www.europesays.com\/es\/wp-content\/uploads\/2026\/09\/4.jpg\" class=\"v-a-img\" alt=\"Espectacular puesta en escena del Open de Ferias de Salamanca de La Valmuza Golf\"\/><\/p>\n<p>                <img decoding=\"async\" loading=\"lazy\" src=\"https:\/\/www.europesays.com\/es\/wp-content\/uploads\/2026\/09\/5.jpg\" class=\"v-a-img\" alt=\"Espectacular puesta en escena del Open de Ferias de Salamanca de La Valmuza Golf\"\/><\/p>\n<p>                <img decoding=\"async\" loading=\"lazy\" src=\"https:\/\/www.europesays.com\/es\/wp-content\/uploads\/2026\/09\/6.jpg\" class=\"v-a-img\" alt=\"Espectacular puesta en escena del Open de Ferias de Salamanca de La Valmuza Golf\"\/><\/p>\n<p>                <img decoding=\"async\" loading=\"lazy\" src=\"https:\/\/www.europesays.com\/es\/wp-content\/uploads\/2026\/09\/7.jpg\" class=\"v-a-img\" alt=\"Espectacular puesta en escena del Open de Ferias de Salamanca de La Valmuza Golf\"\/><\/p>\n<p>                <img decoding=\"async\" loading=\"lazy\" src=\"https:\/\/www.europesays.com\/es\/wp-content\/uploads\/2026\/09\/8.jpg\" class=\"v-a-img\" alt=\"Espectacular puesta en escena del Open de Ferias de Salamanca de La Valmuza Golf\"\/><\/p>\n<p>                <img decoding=\"async\" loading=\"lazy\" src=\"https:\/\/www.europesays.com\/es\/wp-content\/uploads\/2026\/09\/9.jpg\" class=\"v-a-img\" alt=\"Espectacular puesta en escena del Open de Ferias de Salamanca de La Valmuza Golf\"\/><\/p>\n<p>                <img decoding=\"async\" loading=\"lazy\" src=\"https:\/\/www.europesays.com\/es\/wp-content\/uploads\/2026\/09\/10.jpg\" class=\"v-a-img\" alt=\"Espectacular puesta en escena del Open de Ferias de Salamanca de La Valmuza Golf\"\/><\/p>\n<p>                <img decoding=\"async\" loading=\"lazy\" src=\"https:\/\/www.europesays.com\/es\/wp-content\/uploads\/2026\/09\/11.jpg\" class=\"v-a-img\" alt=\"Espectacular puesta en escena del Open de Ferias de Salamanca de La Valmuza Golf\"\/><\/p>\n<p>                <img decoding=\"async\" loading=\"lazy\" src=\"https:\/\/www.europesays.com\/es\/wp-content\/uploads\/2026\/09\/12.jpg\" class=\"v-a-img\" alt=\"Espectacular puesta en escena del Open de Ferias de Salamanca de La Valmuza Golf\"\/><\/p>\n<p>                <img decoding=\"async\" loading=\"lazy\" src=\"https:\/\/www.europesays.com\/es\/wp-content\/uploads\/2026\/09\/13.jpg\" class=\"v-a-img\" alt=\"Espectacular puesta en escena del Open de Ferias de Salamanca de La Valmuza Golf\"\/><\/p>\n<p>                <img decoding=\"async\" loading=\"lazy\" src=\"https:\/\/www.europesays.com\/es\/wp-content\/uploads\/2026\/09\/14.jpg\" class=\"v-a-img\" alt=\"Espectacular puesta en escena del Open de Ferias de Salamanca de La Valmuza Golf\"\/><\/p>\n<p>                <img decoding=\"async\" loading=\"lazy\" src=\"https:\/\/www.europesays.com\/es\/wp-content\/uploads\/2026\/09\/15.jpg\" class=\"v-a-img\" alt=\"Espectacular puesta en escena del Open de Ferias de Salamanca de La Valmuza Golf\"\/><\/p>\n<p>                <img decoding=\"async\" loading=\"lazy\" src=\"https:\/\/www.europesays.com\/es\/wp-content\/uploads\/2026\/09\/1788470912_743_16.jpg\" class=\"v-a-img\" alt=\"Espectacular puesta en escena del Open de Ferias de Salamanca de La Valmuza Golf\"\/><\/p>\n<p>                <img decoding=\"async\" loading=\"lazy\" src=\"https:\/\/www.europesays.com\/es\/wp-content\/uploads\/2026\/09\/1788470913_477_17.jpg\" class=\"v-a-img\" alt=\"Espectacular puesta en escena del Open de Ferias de Salamanca de La Valmuza Golf\"\/><\/p>\n<p>                <img decoding=\"async\" loading=\"lazy\" src=\"https:\/\/www.europesays.com\/es\/wp-content\/uploads\/2026\/09\/18.jpg\" class=\"v-a-img\" alt=\"Espectacular puesta en escena del Open de Ferias de Salamanca de La Valmuza Golf\"\/><\/p>\n<p>                <img decoding=\"async\" loading=\"lazy\" src=\"https:\/\/www.europesays.com\/es\/wp-content\/uploads\/2026\/09\/19.jpg\" class=\"v-a-img\" alt=\"Espectacular puesta en escena del Open de Ferias de Salamanca de La Valmuza Golf\"\/><\/p>\n<p>                <img decoding=\"async\" loading=\"lazy\" src=\"https:\/\/www.europesays.com\/es\/wp-content\/uploads\/2026\/09\/20.jpg\" class=\"v-a-img\" alt=\"Espectacular puesta en escena del Open de Ferias de Salamanca de La Valmuza Golf\"\/><\/p>\n<p>                <img decoding=\"async\" loading=\"lazy\" src=\"https:\/\/www.europesays.com\/es\/wp-content\/uploads\/2026\/09\/21.jpg\" class=\"v-a-img\" alt=\"Espectacular puesta en escena del Open de Ferias de Salamanca de La Valmuza Golf\"\/><\/p>\n<p>                <img decoding=\"async\" loading=\"lazy\" src=\"https:\/\/www.europesays.com\/es\/wp-content\/uploads\/2026\/09\/22.jpg\" class=\"v-a-img\" alt=\"Espectacular puesta en escena del Open de Ferias de Salamanca de La Valmuza Golf\"\/><\/p>\n<p>                <img decoding=\"async\" loading=\"lazy\" src=\"https:\/\/www.europesays.com\/es\/wp-content\/uploads\/2026\/09\/23.jpg\" class=\"v-a-img\" alt=\"Espectacular puesta en escena del Open de Ferias de Salamanca de La Valmuza Golf\"\/><\/p>\n<p>                <img decoding=\"async\" loading=\"lazy\" src=\"https:\/\/www.europesays.com\/es\/wp-content\/uploads\/2026\/09\/24.jpg\" class=\"v-a-img\" alt=\"Espectacular puesta en escena del Open de Ferias de Salamanca de La Valmuza Golf\"\/><\/p>\n<p>                <img decoding=\"async\" loading=\"lazy\" src=\"https:\/\/www.europesays.com\/es\/wp-content\/uploads\/2026\/09\/25.jpg\" class=\"v-a-img\" alt=\"Espectacular puesta en escena del Open de Ferias de Salamanca de La Valmuza Golf\"\/><\/p>\n<p>                <img decoding=\"async\" loading=\"lazy\" src=\"https:\/\/www.europesays.com\/es\/wp-content\/uploads\/2026\/09\/26.jpg\" class=\"v-a-img\" alt=\"Espectacular puesta en escena del Open de Ferias de Salamanca de La Valmuza Golf\"\/><\/p>\n<p>                <img decoding=\"async\" loading=\"lazy\" src=\"https:\/\/www.europesays.com\/es\/wp-content\/uploads\/2026\/09\/27.jpg\" class=\"v-a-img\" alt=\"Espectacular puesta en escena del Open de Ferias de Salamanca de La Valmuza Golf\"\/><\/p>\n<p>                <img decoding=\"async\" loading=\"lazy\" src=\"https:\/\/www.europesays.com\/es\/wp-content\/uploads\/2026\/09\/28.jpg\" class=\"v-a-img\" alt=\"Espectacular puesta en escena del Open de Ferias de Salamanca de La Valmuza Golf\"\/><\/p>\n<p>                <img decoding=\"async\" loading=\"lazy\" src=\"https:\/\/www.europesays.com\/es\/wp-content\/uploads\/2026\/09\/29.jpg\" class=\"v-a-img\" alt=\"Espectacular puesta en escena del Open de Ferias de Salamanca de La Valmuza Golf\"\/><\/p>\n<p>                <img decoding=\"async\" loading=\"lazy\" src=\"https:\/\/www.europesays.com\/es\/wp-content\/uploads\/2026\/09\/30.jpg\" class=\"v-a-img\" alt=\"Espectacular puesta en escena del Open de Ferias de Salamanca de La Valmuza Golf\"\/><\/p>\n<p>                <img decoding=\"async\" loading=\"lazy\" src=\"https:\/\/www.europesays.com\/es\/wp-content\/uploads\/2026\/09\/31.jpg\" class=\"v-a-img\" alt=\"Espectacular puesta en escena del Open de Ferias de Salamanca de La Valmuza Golf\"\/><\/p>\n<p>                <img decoding=\"async\" loading=\"lazy\" src=\"https:\/\/www.europesays.com\/es\/wp-content\/uploads\/2026\/09\/32.jpg\" class=\"v-a-img\" alt=\"Espectacular puesta en escena del Open de Ferias de Salamanca de La Valmuza Golf\"\/><\/p>\n<p>                <img decoding=\"async\" loading=\"lazy\" src=\"https:\/\/www.europesays.com\/es\/wp-content\/uploads\/2026\/09\/33.jpg\" class=\"v-a-img\" alt=\"Espectacular puesta en escena del Open de Ferias de Salamanca de La Valmuza Golf\"\/><\/p>\n<p>                <img decoding=\"async\" loading=\"lazy\" src=\"https:\/\/www.europesays.com\/es\/wp-content\/uploads\/2026\/09\/34.jpg\" class=\"v-a-img\" alt=\"Espectacular puesta en escena del Open de Ferias de Salamanca de La Valmuza Golf\"\/><\/p>\n<p>                <img decoding=\"async\" loading=\"lazy\" src=\"https:\/\/www.europesays.com\/es\/wp-content\/uploads\/2026\/09\/35.jpg\" class=\"v-a-img\" alt=\"Espectacular puesta en escena del Open de Ferias de Salamanca de La Valmuza Golf\"\/><\/p>\n<p>                <img decoding=\"async\" loading=\"lazy\" src=\"https:\/\/www.europesays.com\/es\/wp-content\/uploads\/2026\/09\/36.jpg\" class=\"v-a-img\" alt=\"Espectacular puesta en escena del Open de Ferias de Salamanca de La Valmuza Golf\"\/><\/p>\n<p>                <img decoding=\"async\" loading=\"lazy\" src=\"https:\/\/www.europesays.com\/es\/wp-content\/uploads\/2026\/09\/37.jpg\" class=\"v-a-img\" alt=\"Espectacular puesta en escena del Open de Ferias de Salamanca de La Valmuza Golf\"\/><\/p>\n<p>                <img decoding=\"async\" loading=\"lazy\" src=\"https:\/\/www.europesays.com\/es\/wp-content\/uploads\/2026\/09\/38.jpg\" class=\"v-a-img\" alt=\"Espectacular puesta en escena del Open de Ferias de Salamanca de La Valmuza Golf\"\/><\/p>\n<p>                <img decoding=\"async\" loading=\"lazy\" src=\"https:\/\/www.europesays.com\/es\/wp-content\/uploads\/2026\/09\/39.jpg\" class=\"v-a-img\" alt=\"Espectacular puesta en escena del Open de Ferias de Salamanca de La Valmuza Golf\"\/><\/p>\n<p>                <img decoding=\"async\" loading=\"lazy\" src=\"https:\/\/www.europesays.com\/es\/wp-content\/uploads\/2026\/09\/40.jpg\" class=\"v-a-img\" alt=\"Espectacular puesta en escena del Open de Ferias de Salamanca de La Valmuza Golf\"\/><\/p>\n<p>                <img decoding=\"async\" loading=\"lazy\" src=\"https:\/\/www.europesays.com\/es\/wp-content\/uploads\/2026\/09\/41.jpg\" class=\"v-a-img\" alt=\"Espectacular puesta en escena del Open de Ferias de Salamanca de La Valmuza Golf\"\/><\/p>\n<p>                <img decoding=\"async\" loading=\"lazy\" src=\"https:\/\/www.europesays.com\/es\/wp-content\/uploads\/2026\/09\/42.jpg\" class=\"v-a-img\" alt=\"Espectacular puesta en escena del Open de Ferias de Salamanca de La Valmuza Golf\"\/><\/p>\n<p>                <img decoding=\"async\" loading=\"lazy\" src=\"https:\/\/www.europesays.com\/es\/wp-content\/uploads\/2026\/09\/43.jpg\" class=\"v-a-img\" alt=\"Espectacular puesta en escena del Open de Ferias de Salamanca de La Valmuza Golf\"\/><\/p>\n<p>                <img decoding=\"async\" loading=\"lazy\" src=\"https:\/\/www.europesays.com\/es\/wp-content\/uploads\/2026\/09\/44.jpg\" class=\"v-a-img\" alt=\"Espectacular puesta en escena del Open de Ferias de Salamanca de La Valmuza Golf\"\/><\/p>\n<p>                <img decoding=\"async\" loading=\"lazy\" src=\"https:\/\/www.europesays.com\/es\/wp-content\/uploads\/2026\/09\/45.jpg\" class=\"v-a-img\" alt=\"Espectacular puesta en escena del Open de Ferias de Salamanca de La Valmuza Golf\"\/><\/p>\n<p>                <img decoding=\"async\" loading=\"lazy\" src=\"https:\/\/www.europesays.com\/es\/wp-content\/uploads\/2026\/09\/46.jpg\" class=\"v-a-img\" alt=\"Espectacular puesta en escena del Open de Ferias de Salamanca de La Valmuza Golf\"\/><\/p>\n<p>                <img decoding=\"async\" loading=\"lazy\" src=\"https:\/\/www.europesays.com\/es\/wp-content\/uploads\/2026\/09\/47.jpg\" class=\"v-a-img\" alt=\"Espectacular puesta en escena del Open de Ferias de Salamanca de La Valmuza Golf\"\/><\/p>\n<p>                <img decoding=\"async\" loading=\"lazy\" src=\"https:\/\/www.europesays.com\/es\/wp-content\/uploads\/2026\/09\/48.jpg\" class=\"v-a-img\" alt=\"Espectacular puesta en escena del Open de Ferias de Salamanca de La Valmuza Golf\"\/><\/p>\n<p>                <img decoding=\"async\" loading=\"lazy\" src=\"https:\/\/www.europesays.com\/es\/wp-content\/uploads\/2026\/09\/49_20260903221748.jpg\" class=\"v-a-img\" alt=\"Espectacular puesta en escena del Open de Ferias de Salamanca de La Valmuza Golf\"\/><\/p>\n<p>                <img decoding=\"async\" loading=\"lazy\" src=\"https:\/\/www.europesays.com\/es\/wp-content\/uploads\/2026\/09\/50.jpg\" class=\"v-a-img\" alt=\"Espectacular puesta en escena del Open de Ferias de Salamanca de La Valmuza Golf\"\/><\/p>\n<p>                <img decoding=\"async\" loading=\"lazy\" src=\"https:\/\/www.europesays.com\/es\/wp-content\/uploads\/2026\/09\/51.jpg\" class=\"v-a-img\" alt=\"Espectacular puesta en escena del Open de Ferias de Salamanca de La Valmuza Golf\"\/><\/p>\n<p>                <img decoding=\"async\" loading=\"lazy\" src=\"https:\/\/www.europesays.com\/es\/wp-content\/uploads\/2026\/09\/52.jpg\" class=\"v-a-img\" alt=\"Espectacular puesta en escena del Open de Ferias de Salamanca de La Valmuza Golf\"\/><\/p>\n<p>                <img decoding=\"async\" loading=\"lazy\" src=\"https:\/\/www.europesays.com\/es\/wp-content\/uploads\/2026\/09\/53.jpg\" class=\"v-a-img\" alt=\"Espectacular puesta en escena del Open de Ferias de Salamanca de La Valmuza Golf\"\/><\/p>\n<p>                <img decoding=\"async\" loading=\"lazy\" src=\"https:\/\/www.europesays.com\/es\/wp-content\/uploads\/2026\/09\/54.jpg\" class=\"v-a-img\" alt=\"Espectacular puesta en escena del Open de Ferias de Salamanca de La Valmuza Golf\"\/><\/p>\n<p>                <img decoding=\"async\" loading=\"lazy\" src=\"https:\/\/www.europesays.com\/es\/wp-content\/uploads\/2026\/09\/55.jpg\" class=\"v-a-img\" alt=\"Espectacular puesta en escena del Open de Ferias de Salamanca de La Valmuza Golf\"\/><\/p>\n","protected":false},"excerpt":{"rendered":"El III Open de Ferias de Salamanca by Vredestein Tyres ha dado comienzo este jueves con una espectacular&hellip;\n","protected":false},"author":2,"featured_media":746181,"comment_status":"","ping_status":"","sticky":false,"template":"","format":"standard","meta":{"footnotes":""},"categories":[275],"tags":[168,25,4279,24,5604,6606,329,5829,6990,3614,23,167,22636],"class_list":["post-746180","post","type-post","status-publish","format-standard","has-post-thumbnail","category-golf","tag-deportes","tag-es","tag-escena","tag-espana","tag-espectacular","tag-ferias","tag-golf","tag-open","tag-puesta","tag-salamanca","tag-spain","tag-sports","tag-valmuza"],"share_on_mastodon":{"url":"https:\/\/pubeurope.com\/@es\/117209247117675453","error":""},"_links":{"self":[{"href":"https:\/\/www.europesays.com\/es\/wp-json\/wp\/v2\/posts\/746180","targetHints":{"allow":["GET"]}}],"collection":[{"href":"https:\/\/www.europesays.com\/es\/wp-json\/wp\/v2\/posts"}],"about":[{"href":"https:\/\/www.europesays.com\/es\/wp-json\/wp\/v2\/types\/post"}],"author":[{"embeddable":true,"href":"https:\/\/www.europesays.com\/es\/wp-json\/wp\/v2\/users\/2"}],"replies":[{"embeddable":true,"href":"https:\/\/www.europesays.com\/es\/wp-json\/wp\/v2\/comments?post=746180"}],"version-history":[{"count":0,"href":"https:\/\/www.europesays.com\/es\/wp-json\/wp\/v2\/posts\/746180\/revisions"}],"wp:featuredmedia":[{"embeddable":true,"href":"https:\/\/www.europesays.com\/es\/wp-json\/wp\/v2\/media\/746181"}],"wp:attachment":[{"href":"https:\/\/www.europesays.com\/es\/wp-json\/wp\/v2\/media?parent=746180"}],"wp:term":[{"taxonomy":"category","embeddable":true,"href":"https:\/\/www.europesays.com\/es\/wp-json\/wp\/v2\/categories?post=746180"},{"taxonomy":"post_tag","embeddable":true,"href":"https:\/\/www.europesays.com\/es\/wp-json\/wp\/v2\/tags?post=746180"}],"curies":[{"name":"wp","href":"https:\/\/api.w.org\/{rel}","templated":true}]}}