{"id":746182,"date":"2026-09-03T21:30:33","date_gmt":"2026-09-03T21:30:33","guid":{"rendered":"https:\/\/www.europesays.com\/es\/746182\/"},"modified":"2026-09-03T21:30:33","modified_gmt":"2026-09-03T21:30:33","slug":"rafa-nadal-sobre-como-ganarle-a-federer-la-estrategia-era-clara-intentaba-atacar-a-su-reves-todo-el-tiempo","status":"publish","type":"post","link":"https:\/\/www.europesays.com\/es\/746182\/","title":{"rendered":"Rafa Nadal, sobre c\u00f3mo ganarle a Federer: \u00abLa estrategia era clara, intentaba atacar a su rev\u00e9s todo el tiempo\u00bb"},"content":{"rendered":"<p><strong>Rafael<a href=\"https:\/\/www.clarin.com\/tema\/bt4qDdDXvy.html\" title=\" Nadal\" alt=\" Nadal\" rel=\"nofollow noopener\" target=\"_blank\"> Nadal<\/a><\/strong> no es solamente una leyenda del tenis sino, tambi\u00e9n, uno de los <strong>mejores deportistas <\/strong>de toda la<strong> historia.<\/strong><\/p>\n<p>Conocido por su<a href=\"https:\/\/www.clarin.com\/tema\/YcNQrMR0VK.html\" title=\" mentalidad\" alt=\" mentalidad\" rel=\"nofollow noopener\" target=\"_blank\"> mentalidad<\/a> ganadora y su esp\u00edritu competitivo, el espa\u00f1ol alcanz\u00f3 a lo largo de toda su carrera la cifra de <strong>22 Grand Slams<\/strong> y <strong>36 Master 1000.<\/strong><\/p>\n<p>En muchos de esos t\u00edtulos se enfrent\u00f3 contra un oponente de origen suizo que le complic\u00f3 m\u00e1s de una vez alg\u00fan partido y cuya rivalidad llev\u00f3 al tenis a otro nivel. Su nombre es <strong>Roger Federer.<\/strong><\/p>\n<p>En una entrevista en el p\u00f3dcast del exjugador de tenis <strong>Andy Roddick<\/strong>, <a href=\"https:\/\/www.clarin.com\/tema\/bt4qDdDXvy.html\" title=\"Rafa\" alt=\"Rafa\" rel=\"nofollow noopener\" target=\"_blank\">Rafa<\/a> revel\u00f3 cu\u00e1l era su estrategia cuando se enfrentaba contra el maestro suizo y por qu\u00e9 su rivalidad era tan<strong> atractiva para los fan\u00e1ticos.<\/strong><\/p>\n<p>\u00abEn mi opini\u00f3n, la rivalidad con Roger resultaba atractiva para los fans porque la estrategia estaba muy clara. <strong>Yo intentaba hacer una cosa y \u00e9l la otra\u00bb<\/strong>, admiti\u00f3.<\/p>\n<p>Y reconoci\u00f3: \u00ab<strong>Intentaba atacar a su rev\u00e9s<\/strong> todo el tiempo, incluso si ten\u00eda la chance de jugar el tiro en la l\u00ednea\u00bb.<\/p>\n<p>El <a href=\"https:\/\/www.clarin.com\/tema\/Y5SdTMbOLs.html\" title=\"espa\u00f1ol\" alt=\"espa\u00f1ol\" rel=\"nofollow noopener\" target=\"_blank\">espa\u00f1ol<\/a> continu\u00f3 diciendo que, si jugaba el tiro en la l\u00ednea, era por<strong> dos razones<\/strong>: una porque iba en busca del<strong> Winner<\/strong> (tiro ganador) y, la otra, porque necesitaba sacarlo de ese lugar y <strong>abrir m\u00e1s espacios.<\/strong><\/p>\n<p>\u00abEl intentaba evitar eso y<strong> jugaba m\u00e1s agresivo<\/strong>. Cada vez que golpeaba una derecha yo estaba un paso atr\u00e1s\u00bb, se\u00f1al\u00f3.<\/p>\n<p>Tambi\u00e9n confes\u00f3 que la derecha del suizo fue <strong>la mejor contra la que jug\u00f3 <\/strong>en toda su carrera.<\/p>\n<p>Nadal destac\u00f3 que, al comienzo de su carrera, <strong>Federer le ganaba en las superficies duras<\/strong>, pero que la historia era diferente cuando se enfrentaban en<strong> canchas de polvo de ladrillo.<\/strong><\/p>\n<p>Con el tiempo, <strong>Rafa comenz\u00f3 a ganarle en canchas r\u00e1pidas<\/strong>, como lo hizo en la ic\u00f3nica final de <strong>Wimbledon 2008 <\/strong>cuando, luego de un encuentro de casi cinco horas, se impuso por <strong>6-4, 6-4, 6-7(5), 6-7(8) y 9-7<\/strong>, partido que es considerado para muchos como el mejor de la historia.<\/p>\n<p>Sin embargo, al final de la carrera del suizo, su <strong>nivel de agresividad <\/strong>y su forma de juego mejor\u00f3, lo que le permiti\u00f3 imponerse en la<strong> mayor\u00eda de los \u00faltimos partidos <\/strong>que ambos jugaron juntos.<\/p>\n<p>\u00abAl final de su carrera, \u00e9l dio un paso adelante. En <strong>2017 alcanz\u00f3 durante un tiempo, el mejor nivel de su carrera<\/strong>. Sent\u00edas que estabas en sus manos\u00bb, asegur\u00f3 sin dudarlo.<\/p>\n<p>\u00abAl principio de su carrera, comet\u00eda algunos errores como jugar su rev\u00e9s con top y me daba la chance de mantener <strong>mi derecha pegando contra su rev\u00e9s\u00bb, <\/strong>coment\u00f3.<\/p>\n<p>Seg\u00fan \u00e9l, Roger empez\u00f3 a jugar su rev\u00e9s mucho m\u00e1s agresivo y a <strong>tomar m\u00e1s riesgos que antes no tomaba.<\/strong><\/p>\n<p>De hecho, a pesar de que el espa\u00f1ol tenga m\u00e1s victorias contra el suizo, de los \u00faltimos siete partidos que se enfrentaron, <strong>Federer gan\u00f3 seis.<\/strong><\/p>\n<p>Su \u00faltimo enfrentamiento profesional se dio en la semifinal de <strong>Wimbledon<\/strong> <strong>2019<\/strong>, donde el maestro se impuso en cuatro sets por <strong>7-6 (3), 1-6, 6-3 y 6-4.<\/strong><\/p>\n<p>Para finalizar, asegur\u00f3 que el saque era totalmente impredecible y muy dif\u00edcil de leer, lo que,<strong> sumado a su precisi\u00f3n y a su forma de cambiar a donde iba la pelota<\/strong>, lo complic\u00f3 en mucho en la devoluci\u00f3n.<\/p>\n","protected":false},"excerpt":{"rendered":"Rafael Nadal no es solamente una leyenda del tenis sino, tambi\u00e9n, uno de los mejores deportistas de toda&hellip;\n","protected":false},"author":2,"featured_media":746183,"comment_status":"","ping_status":"","sticky":false,"template":"","format":"standard","meta":{"footnotes":""},"categories":[274],"tags":[168,25,24,23,167,327,326],"class_list":["post-746182","post","type-post","status-publish","format-standard","has-post-thumbnail","category-tenis","tag-deportes","tag-es","tag-espana","tag-spain","tag-sports","tag-tenis","tag-tennis"],"share_on_mastodon":{"url":"https:\/\/pubeurope.com\/@es\/117209247405038543","error":""},"_links":{"self":[{"href":"https:\/\/www.europesays.com\/es\/wp-json\/wp\/v2\/posts\/746182","targetHints":{"allow":["GET"]}}],"collection":[{"href":"https:\/\/www.europesays.com\/es\/wp-json\/wp\/v2\/posts"}],"about":[{"href":"https:\/\/www.europesays.com\/es\/wp-json\/wp\/v2\/types\/post"}],"author":[{"embeddable":true,"href":"https:\/\/www.europesays.com\/es\/wp-json\/wp\/v2\/users\/2"}],"replies":[{"embeddable":true,"href":"https:\/\/www.europesays.com\/es\/wp-json\/wp\/v2\/comments?post=746182"}],"version-history":[{"count":0,"href":"https:\/\/www.europesays.com\/es\/wp-json\/wp\/v2\/posts\/746182\/revisions"}],"wp:featuredmedia":[{"embeddable":true,"href":"https:\/\/www.europesays.com\/es\/wp-json\/wp\/v2\/media\/746183"}],"wp:attachment":[{"href":"https:\/\/www.europesays.com\/es\/wp-json\/wp\/v2\/media?parent=746182"}],"wp:term":[{"taxonomy":"category","embeddable":true,"href":"https:\/\/www.europesays.com\/es\/wp-json\/wp\/v2\/categories?post=746182"},{"taxonomy":"post_tag","embeddable":true,"href":"https:\/\/www.europesays.com\/es\/wp-json\/wp\/v2\/tags?post=746182"}],"curies":[{"name":"wp","href":"https:\/\/api.w.org\/{rel}","templated":true}]}}