{"id":746184,"date":"2026-09-03T21:31:23","date_gmt":"2026-09-03T21:31:23","guid":{"rendered":"https:\/\/www.europesays.com\/es\/746184\/"},"modified":"2026-09-03T21:31:23","modified_gmt":"2026-09-03T21:31:23","slug":"palma-del-rio-acoge-la-salida-de-la-15a-etapa-de-la-vuelta-a-espana-estos-son-los-cortes-de-trafico-este-domingo-6-de-septiembre","status":"publish","type":"post","link":"https:\/\/www.europesays.com\/es\/746184\/","title":{"rendered":"Palma del R\u00edo acoge la salida de la 15\u00aa etapa de la Vuelta a Espa\u00f1a: estos son los cortes de tr\u00e1fico este domingo 6 de septiembre"},"content":{"rendered":"<p class=\"ft-text\">La <a class=\"ft-link ft-link--decoration\" href=\"https:\/\/www.diariocordoba.com\/cordoba-ciudad\/2026\/09\/01\/vas-ver-vuelta-espana-2026-cordoba-mejores-lugares-horario-peloton-133565419.html\" rel=\"nofollow noopener\" target=\"_blank\">Vuelta Ciclista a Espa\u00f1a 2026<\/a> tiene en esta edici\u00f3n un recorrido muy andaluz.<strong> De las 21 etapas<\/strong> que componen el paisaje por el que competir\u00e1n algunos de los mejores ciclistas del planeta, <strong>un total de 10 recorren exclusivamente provincias andaluzas<\/strong>. Es decir, <strong>pr\u00e1cticamente el 50<\/strong>% de todo el <strong>recorrido<\/strong> est\u00e1 compuesto por etapas con salida, llegada y recorrido pleno en Andaluc\u00eda. En el caso de <strong>C\u00f3rdoba<\/strong>, se correr\u00e1 <a href=\"https:\/\/www.lavuelta.es\/es\/etapa-15\" class=\"ft-link ft-link--decoration\" rel=\"nofollow noopener\" target=\"_blank\">una etapa, la n\u00famero 15<\/a>, con <strong>salida en Palma del R\u00edo y llegada a la capital cordobesa<\/strong>, el <strong>pr\u00f3ximo domingo 6 de septiembre<\/strong>.<\/p>\n<p class=\"ft-text\">Esta decimoquinta etapa tiene una altimetr\u00eda de media monta\u00f1a que la convertir\u00e1 en ideal para fugas e incluso para un final al esprint. Se disputa justo despu\u00e9s de un calendario rompepiernas con <strong>dos etapas de monta\u00f1a y otra de media monta\u00f1a<\/strong>. <strong>Calar Alto, Loja y Sierra de la Pandera<\/strong> escoltan la llegada del pelot\u00f3n a la provincia de C\u00f3rdoba. <\/p>\n<p><img decoding=\"async\" src=\"https:\/\/www.europesays.com\/es\/wp-content\/uploads\/2026\/09\/1788471081_234_0d95bed7-3867-4c03-918a-99f1dd81ccc0_alta-libre-aspect-ratio_default_0_x609y140.jpg\" width=\"1200\" height=\"415\" alt=\"Recorrido de la etapa entre Palma del R\u00edo y C\u00f3rdoba, en la Vuelta a Espa\u00f1a 2026.\" class=\"ft-helper-img-rd\" loading=\"lazy\" fetchpriority=\"auto\"\/><\/p>\n<p class=\"ft-helper-fontColor-quaternary ft-helper-fontSize-body-S ft-helper-spacer-t-xxs\">Recorrido de la etapa entre Palma del R\u00edo y C\u00f3rdoba, en la Vuelta a Espa\u00f1a 2026.  \/ Web de la Vuelta a Espa\u00f1a<\/p>\n<p>Cortes de tr\u00e1fico entre las 08.00 y las 15.00 horas<\/p>\n<p class=\"ft-text\">Precisamente, con motivo de la salida de la 15\u00aa etapa de las calles de Palma del R\u00edo, el Ayuntamiento palme\u00f1o ha publicado en redes sociales los cortes de tr\u00e1fico durante el domingo 6 de septiembre. \u00abCon motivo de la salida de la etapa 15 de La Vuelta 2026, el pr\u00f3ximo domingo 6 de septiembre, se producir\u00e1n <strong>cortes de tr\u00e1fico en Palma del R\u00edo entre las 08.00 y las 15.00 horas\u00bb.<\/strong><\/p>\n<p class=\"ft-text\">Los <strong>puntos afectados son los siguientes<\/strong>:<\/p>\n<ul class=\"ft-list ft-list--primary\" data-aida-text=\"\">\n<li class=\"ft-list__item\">Avenida de C\u00f3rdoba<\/li>\n<li class=\"ft-list__item\">Avenida Mar\u00eda Auxiliadora<\/li>\n<li class=\"ft-list__item\">Rotonda de La Algodonera<\/li>\n<li class=\"ft-list__item\">Salida hacia C\u00f3rdoba<\/li>\n<\/ul>\n<p>Sin autob\u00fas a la estaci\u00f3n<\/p>\n<p class=\"ft-text\">Adem\u00e1s, <strong>entre las 08.00 y las 15.00 horas, \u00abno estar\u00e1 disponible el servicio de autob\u00fas\u00bb de Palma del R\u00edo \u00abcon destino a la estaci\u00f3n\u00bb.<\/strong> Por ello, las personas que deban desplazarse hasta esta instalaci\u00f3n \u00ab<strong>deber\u00e1n hacerlo a pie<\/strong>\u00ab, explica el Ayuntamiento. Cabe destacar que la instituci\u00f3n local recomienda, para los <strong>viajes por carretera a C\u00f3rdoba <\/strong>durante esa ma\u00f1ana y mediod\u00eda, \u00abutilizar como <strong>itinerario alternativo la carretera de La Carlota<\/strong>\u00ab.<\/p>\n<p><img decoding=\"async\" src=\"https:\/\/www.europesays.com\/es\/wp-content\/uploads\/2026\/09\/282f65ca-37c8-45ee-b7e4-409b43a232f4_alta-libre-aspect-ratio_default_0_x709y265.jpg\" width=\"1200\" height=\"674\" alt=\"Enric Mas, en la subida al alto de Aitana.\" class=\"ft-helper-img-rd\" loading=\"lazy\" fetchpriority=\"auto\"\/><\/p>\n<p class=\"ft-helper-fontColor-quaternary ft-helper-fontSize-body-S ft-helper-spacer-t-xxs\">Enric Mas, en la subida al alto de Aitana, en la Vuelta a Espa\u00f1a.  \/ Agencias<\/p>\n<p class=\"ft-text\">Hay que recordar que la <strong>caravana<\/strong>, compuesta por diversos veh\u00edculos de la organizaci\u00f3n, patrocinadores y medios de comunicaci\u00f3n, <strong>comenzar\u00e1 su recorrido por Palma del R\u00edo a las 11.05 horas<\/strong>, cuando comenzar\u00e1 la afectaci\u00f3n al tr\u00e1fico. El <strong>pelot\u00f3n<\/strong> no comenzar\u00e1 la etapa hasta las <strong>12.35 horas<\/strong> y est\u00e1 previsto que <a class=\"ft-link ft-link--decoration\" href=\"https:\/\/www.diariocordoba.com\/cordoba-ciudad\/2026\/09\/02\/vuelta-espana-2026-llega-cordoba-133582536.html\" rel=\"nofollow noopener\" target=\"_blank\">abandone la localidad palme\u00f1a en torno a las 13.08 horas, en direcci\u00f3n Posadas<\/a>.<\/p>\n","protected":false},"excerpt":{"rendered":"La Vuelta Ciclista a Espa\u00f1a 2026 tiene en esta edici\u00f3n un recorrido muy andaluz. De las 21 etapas&hellip;\n","protected":false},"author":2,"featured_media":746185,"comment_status":"","ping_status":"","sticky":false,"template":"","format":"standard","meta":{"footnotes":""},"categories":[273],"tags":[6832,313,12706,312,168,1053,25,24,2553,3679,1971,23,167,589,1357],"class_list":["post-746184","post","type-post","status-publish","format-standard","has-post-thumbnail","category-ciclismo","tag-6832","tag-ciclismo","tag-cortes","tag-cycling","tag-deportes","tag-domingo","tag-es","tag-espana","tag-palma","tag-rio","tag-septiembre","tag-spain","tag-sports","tag-trafico","tag-vuelta"],"share_on_mastodon":{"url":"https:\/\/pubeurope.com\/@es\/117209247782301916","error":""},"_links":{"self":[{"href":"https:\/\/www.europesays.com\/es\/wp-json\/wp\/v2\/posts\/746184","targetHints":{"allow":["GET"]}}],"collection":[{"href":"https:\/\/www.europesays.com\/es\/wp-json\/wp\/v2\/posts"}],"about":[{"href":"https:\/\/www.europesays.com\/es\/wp-json\/wp\/v2\/types\/post"}],"author":[{"embeddable":true,"href":"https:\/\/www.europesays.com\/es\/wp-json\/wp\/v2\/users\/2"}],"replies":[{"embeddable":true,"href":"https:\/\/www.europesays.com\/es\/wp-json\/wp\/v2\/comments?post=746184"}],"version-history":[{"count":0,"href":"https:\/\/www.europesays.com\/es\/wp-json\/wp\/v2\/posts\/746184\/revisions"}],"wp:featuredmedia":[{"embeddable":true,"href":"https:\/\/www.europesays.com\/es\/wp-json\/wp\/v2\/media\/746185"}],"wp:attachment":[{"href":"https:\/\/www.europesays.com\/es\/wp-json\/wp\/v2\/media?parent=746184"}],"wp:term":[{"taxonomy":"category","embeddable":true,"href":"https:\/\/www.europesays.com\/es\/wp-json\/wp\/v2\/categories?post=746184"},{"taxonomy":"post_tag","embeddable":true,"href":"https:\/\/www.europesays.com\/es\/wp-json\/wp\/v2\/tags?post=746184"}],"curies":[{"name":"wp","href":"https:\/\/api.w.org\/{rel}","templated":true}]}}