{"id":746186,"date":"2026-09-03T21:33:14","date_gmt":"2026-09-03T21:33:14","guid":{"rendered":"https:\/\/www.europesays.com\/es\/746186\/"},"modified":"2026-09-03T21:33:14","modified_gmt":"2026-09-03T21:33:14","slug":"la-peticion-de-braxton-key-sobre-los-salarios-de-los-jugadores-en-la-euroliga","status":"publish","type":"post","link":"https:\/\/www.europesays.com\/es\/746186\/","title":{"rendered":"La petici\u00f3n de Braxton Key sobre los salarios de los jugadores en la Euroliga"},"content":{"rendered":"<p>El nuevo jugador del Fenerbah\u00e7e pide que se hagan p\u00fablicos<\/p>\n<p>El exjugador del Valencia Basket y nuevo jugador del Fenerbah\u00e7e Braxton Key no es el jugador m\u00e1s activo en las redes sociales pero cuando habla, como ya hizo tras el 0-2 del Panathinaikos en Valencia, no suele dejar indiferente.<\/p>\n<p>Su \u00faltima publicaci\u00f3n ha sido sobre la Euroliga y los salarios de los jugadores, una informaci\u00f3n que es privada y que Key cree que deber\u00eda ser p\u00fablica para poder valorar de mejor forma a los jugadores, conocer m\u00e1s el mercado y provocar m\u00e1s conversaci\u00f3n sobre la competici\u00f3n.<\/p>\n<p>Estas fueron sus palabras:<\/p>\n<p>\u00abSiempre me he preguntado por qu\u00e9 los salarios de la Euroliga no son p\u00fablicos. No es que los aficionados necesiten saber cu\u00e1nto dinero hay en la cuenta bancaria de alguien, sino porque el salario es parte del contexto de un jugador profesional.<\/p>\n<p>Si un jugador est\u00e1 ganando 500.000 \u20ac y juega como uno de 1.500.000 \u20ac, los aficionados deber\u00edan saber. \u00a1Deber\u00eda celebrarse! Y si alguien est\u00e1 ganando 2 millones y est\u00e1 fallando, tambi\u00e9n los aficionados deber\u00edan tener ese contexto.<\/p>\n<p>Para los jugadores creo que importa m\u00e1s, especialmente en una liga sin un tope salarial duro tradicional. Cada equipo tiene su propio presupuesto y el mercado real puede ser dif\u00edcil de medir. Si un jugador promedia menos estad\u00edsticas que yo pero gana el doble, \u00bfPor qu\u00e9 deber\u00eda aceptar la mitad de dinero solo porque me dicen que \u00abese es mi valor de mercado\u00bb? No puedes negociar tu valor si no conoces el mercado.<\/p>\n<p>Por otro lado, la transparencia podr\u00eda ser genial para la liga. Los salarios generan conversaciones, debates, historias. M\u00e1s conversaciones es m\u00e1s engagement y eso da m\u00e1s valor a la liga. Saca los n\u00fameros a la luz. Jugadores, entrenadores\u2026 todos. Dale a los aficionados m\u00e1s contexto, dale a los jugadores m\u00e1s informaci\u00f3n y dale a la Eurolig otra forma de hacer crecer su producto\u00bb.<\/p>\n<p class=\"has-text-align-right\">acb Photo \/ D.Grau<\/p>\n<p style=\"font-size:15px\">Convierte Gigantes en tu <strong>fuente de noticias de baloncesto<\/strong>. A\u00f1ade desde aqu\u00ed a <strong>Gigantes del Basket<\/strong> a Google para que te lo muestre m\u00e1s.<\/p>\n<p>\t\t\t\t\t\t<a href=\"https:\/\/www.gigantes.com\/tienda\/hemeroteca\/guia-de-la-liga-endesa-2026-27-no-1-572-sep-2026\/\" target=\"_blank\" rel=\"noopener nofollow\"><br \/>\n\t\t\t\t\t\t\t<img decoding=\"async\" src=\"https:\/\/www.europesays.com\/es\/wp-content\/uploads\/2026\/09\/1788471194_420_1548-liga-endesa-planets-baja-scaled.jpg\" alt=\"Revista Gigantes\"\/><br \/>\n\t\t\t\t\t\t<\/a><\/p>\n<p class=\"magazine-description\">Reserva ya tu Gu\u00eda de la Liga Endesa en papel: an\u00e1lisis equipo a equipo, plantillas y calendario de la competici\u00f3n<\/p>\n<p>\t\t\t\t\t<a href=\"https:\/\/www.gigantes.com\/tienda\/hemeroteca\/guia-de-la-liga-endesa-2026-27-no-1-572-sep-2026\/\" class=\"btn-primary\" target=\"_blank\" rel=\"noopener nofollow\">Comprar<\/a><\/p>\n","protected":false},"excerpt":{"rendered":"El nuevo jugador del Fenerbah\u00e7e pide que se hagan p\u00fablicos El exjugador del Valencia Basket y nuevo jugador&hellip;\n","protected":false},"author":2,"featured_media":746187,"comment_status":"","ping_status":"","sticky":false,"template":"","format":"standard","meta":{"footnotes":""},"categories":[269],"tags":[299,298,168,25,24,23,167],"class_list":["post-746186","post","type-post","status-publish","format-standard","has-post-thumbnail","category-baloncesto","tag-baloncesto","tag-basketball","tag-deportes","tag-es","tag-espana","tag-spain","tag-sports"],"share_on_mastodon":{"url":"https:\/\/pubeurope.com\/@es\/117209256629334082","error":""},"_links":{"self":[{"href":"https:\/\/www.europesays.com\/es\/wp-json\/wp\/v2\/posts\/746186","targetHints":{"allow":["GET"]}}],"collection":[{"href":"https:\/\/www.europesays.com\/es\/wp-json\/wp\/v2\/posts"}],"about":[{"href":"https:\/\/www.europesays.com\/es\/wp-json\/wp\/v2\/types\/post"}],"author":[{"embeddable":true,"href":"https:\/\/www.europesays.com\/es\/wp-json\/wp\/v2\/users\/2"}],"replies":[{"embeddable":true,"href":"https:\/\/www.europesays.com\/es\/wp-json\/wp\/v2\/comments?post=746186"}],"version-history":[{"count":0,"href":"https:\/\/www.europesays.com\/es\/wp-json\/wp\/v2\/posts\/746186\/revisions"}],"wp:featuredmedia":[{"embeddable":true,"href":"https:\/\/www.europesays.com\/es\/wp-json\/wp\/v2\/media\/746187"}],"wp:attachment":[{"href":"https:\/\/www.europesays.com\/es\/wp-json\/wp\/v2\/media?parent=746186"}],"wp:term":[{"taxonomy":"category","embeddable":true,"href":"https:\/\/www.europesays.com\/es\/wp-json\/wp\/v2\/categories?post=746186"},{"taxonomy":"post_tag","embeddable":true,"href":"https:\/\/www.europesays.com\/es\/wp-json\/wp\/v2\/tags?post=746186"}],"curies":[{"name":"wp","href":"https:\/\/api.w.org\/{rel}","templated":true}]}}