{"id":746188,"date":"2026-09-03T21:34:15","date_gmt":"2026-09-03T21:34:15","guid":{"rendered":"https:\/\/www.europesays.com\/es\/746188\/"},"modified":"2026-09-03T21:34:15","modified_gmt":"2026-09-03T21:34:15","slug":"mendy-fuera-de-la-lista-de-la-champions","status":"publish","type":"post","link":"https:\/\/www.europesays.com\/es\/746188\/","title":{"rendered":"Mendy, fuera de la lista de la Champions"},"content":{"rendered":"<p class=\"\"><b>Ferland Mendy<\/b> se ha quedado fuera de la lista del <b>Real Madrid<\/b> para la <b>Liga de Campeones<\/b> que comienza la pr\u00f3xima semana en el <b>Bernab\u00e9u<\/b> frente al <b>Inter de Mil\u00e1n<\/b>. El defensa franc\u00e9s, lesionado a finales de la pasada temporada, no aparece en la relaci\u00f3n oficial enviada por el club blanco a la <b>UEFA<\/b>. Si est\u00e1n, sin embargo, otros lesionados de larga duraci\u00f3n como <b>Eder Militao<\/b> o <b>Rodrygo<\/b>.<\/p>\n<p class=\"\">Mendy es el gran ausente de los elegidos por <b>Mourinho<\/b> para la m\u00e1xima competici\u00f3n continental. No hay grades sorpresas en una lista A en la que aparecen todos los miembros de la plantilla. En la B, la de los jugadores del <b>Castilla<\/b> que puede jugar la Champions s\u00ed se ha colado el \u00faltimo fichaje, <b>Sergio Mart\u00ednez<\/b>, que lucir\u00e1 el dorsal 38.<\/p>\n<p><a href=\"https:\/\/as.com\/resultados\/ficha\/equipo\/real_madrid\/1\/\" rel=\"nofollow noopener\" target=\"_blank\"><img decoding=\"async\" src=\"https:\/\/www.europesays.com\/es\/wp-content\/uploads\/2026\/09\/1788471252_665_1.png\" alt=\"Mendy, fuera de la lista de la Champions\" height=\"80\" width=\"80\"  loading=\"lazy\" data-error-image=\"https:\/\/static.as.com\/dist\/resources\/images\/placeholder-team.png\" fetchpriority=\"low\"\/><\/a><\/p>\n<p class=\"\">Junto con el reci\u00e9n llegado, que ha sido convocado por Mourinho para el partido de este viernes frente al <b>Betis<\/b> en <b>La Cartuja<\/b>, aparecen en la lista un total de 11 canteranos: los porteros Sergio Mestre y Javi Navarro, los defensas Fortea, Joan Mart\u00ednez y Mario Rivas, los centrocampistas Thiago, Cestero, Diego Villaba y Gabi Valero, y el delantero Y\u00e1\u00f1ez.<\/p>\n<p><a title=\"Lista completa del Real Madrid\" href=\"\" rel=\"\">Lista completa del Real Madrid<\/a><\/p>\n<p><strong>Porteros<\/strong><\/p>\n<ul>\n<li>(1). Courtois<\/li>\n<li>(13). Lunin<\/li>\n<li>(26). Sergio Mestre<\/li>\n<li>(31). Javi Navarro<\/li>\n<\/ul>\n<p><strong>Defensas<\/strong><\/p>\n<ul>\n<li>(2). Asencio<\/li>\n<li>(3). Militao<\/li>\n<li>(4). Huijsen<\/li>\n<li>(12). Trent<\/li>\n<li>(16). Konat\u00e9<\/li>\n<li>(17). Cucurella<\/li>\n<li>(18). Carreras<\/li>\n<li>(22). R\u00fcdiger<\/li>\n<li>(24). Dumfries<\/li>\n<li>(28). Fortea<\/li>\n<li>(30). Joan Mart\u00ednez<\/li>\n<li>(33). Mario Rivas<\/li>\n<\/ul>\n<p><strong>Centrocampistas<\/strong><\/p>\n<ul>\n<li>(5). Bellingham<\/li>\n<li>(6). Camavinga<\/li>\n<li>(8). Valverde<\/li>\n<li>(14). Tchouameni<\/li>\n<li>(15). G\u00fcler<\/li>\n<li>(20). Bernardo<\/li>\n<li>(25). Diomande<\/li>\n<li>(27). Thiago<\/li>\n<li>(29). Cestero<\/li>\n<li>(32). Villalba<\/li>\n<li>(37). Gabriel Valero<\/li>\n<li>(38). Sergio Mart\u00ednez<\/li>\n<\/ul>\n<p><strong>Delanteros<\/strong><\/p>\n<ul>\n<li>(7). Vinicius<\/li>\n<li>(9). Endrick<\/li>\n<li>(10). Mbapp\u00e9<\/li>\n<li>(11). Rodrygo<\/li>\n<li>(19). Esp\u00ed<\/li>\n<li>(21). Brahim<\/li>\n<li>(35). Y\u00e1\u00f1ez<\/li>\n<\/ul>\n<p>Noticias relacionadas<img decoding=\"async\" src=\"https:\/\/www.europesays.com\/es\/wp-content\/uploads\/2026\/09\/BEFJOILATNGJFFAL54WACLRFQI.jpg\" alt=\"\" class=\"\" height=\"9\" width=\"16\"   loading=\"lazy\" data-tb-thumbnail=\"\" fetchpriority=\"low\"\/><img decoding=\"async\" src=\"https:\/\/www.europesays.com\/es\/wp-content\/uploads\/2026\/09\/KVSYGX76IBCGPIPISI2CVBZIDE.JPG\" alt=\"\" class=\"\" height=\"9\" width=\"16\"   loading=\"lazy\" data-tb-thumbnail=\"\" fetchpriority=\"low\"\/><\/p>\n<p class=\"\"><b>\u00a1Lleva el deporte contigo! <\/b>Descarga la App de AS para recibir alertas al instante y configura en <b>MiZona <\/b>qu\u00e9 quieres leer, sigue a tus equipos y consulta sus partidos. <a href=\"https:\/\/trackingcodes.prisamedia.com\/as.html?utm_campaign=cierre_articulo&amp;utm_source=web\" target=\"_blank\" rel=\"nofollow noopener\" title=\"https:\/\/trackingcodes.prisamedia.com\/as.html?utm_campaign=cierre_articulo&amp;utm_source=web\"><b>Desc\u00e1rgala aqu\u00ed.<\/b><\/a><\/p>\n<p class=\"\">\u00bfAdem\u00e1s buscas licenciar contenido? Haz clic <a href=\"https:\/\/profesional.elpais.com\/soluciones-sindicacion?utm_medium=interno&amp;utm_source=crosslinking&amp;utm_campaign=sindicacion_as_pie_articulos\" target=\"_blank\" rel=\"nofollow noopener\" title=\"https:\/\/profesional.elpais.com\/soluciones-sindicacion?utm_medium=interno&amp;utm_source=crosslinking&amp;utm_campaign=sindicacion_as_pie_articulos\">aqu\u00ed<\/a><\/p>\n","protected":false},"excerpt":{"rendered":"Ferland Mendy se ha quedado fuera de la lista del Real Madrid para la Liga de Campeones que&hellip;\n","protected":false},"author":2,"featured_media":746189,"comment_status":"","ping_status":"","sticky":false,"template":"","format":"standard","meta":{"footnotes":""},"categories":[268],"tags":[168,25,24,280,282,281,23,167],"class_list":["post-746188","post","type-post","status-publish","format-standard","has-post-thumbnail","category-futbol","tag-deportes","tag-es","tag-espana","tag-football","tag-futbol","tag-soccer","tag-spain","tag-sports"],"share_on_mastodon":{"url":"https:\/\/pubeurope.com\/@es\/117209260886392568","error":""},"_links":{"self":[{"href":"https:\/\/www.europesays.com\/es\/wp-json\/wp\/v2\/posts\/746188","targetHints":{"allow":["GET"]}}],"collection":[{"href":"https:\/\/www.europesays.com\/es\/wp-json\/wp\/v2\/posts"}],"about":[{"href":"https:\/\/www.europesays.com\/es\/wp-json\/wp\/v2\/types\/post"}],"author":[{"embeddable":true,"href":"https:\/\/www.europesays.com\/es\/wp-json\/wp\/v2\/users\/2"}],"replies":[{"embeddable":true,"href":"https:\/\/www.europesays.com\/es\/wp-json\/wp\/v2\/comments?post=746188"}],"version-history":[{"count":0,"href":"https:\/\/www.europesays.com\/es\/wp-json\/wp\/v2\/posts\/746188\/revisions"}],"wp:featuredmedia":[{"embeddable":true,"href":"https:\/\/www.europesays.com\/es\/wp-json\/wp\/v2\/media\/746189"}],"wp:attachment":[{"href":"https:\/\/www.europesays.com\/es\/wp-json\/wp\/v2\/media?parent=746188"}],"wp:term":[{"taxonomy":"category","embeddable":true,"href":"https:\/\/www.europesays.com\/es\/wp-json\/wp\/v2\/categories?post=746188"},{"taxonomy":"post_tag","embeddable":true,"href":"https:\/\/www.europesays.com\/es\/wp-json\/wp\/v2\/tags?post=746188"}],"curies":[{"name":"wp","href":"https:\/\/api.w.org\/{rel}","templated":true}]}}