{"id":746200,"date":"2026-09-03T21:41:15","date_gmt":"2026-09-03T21:41:15","guid":{"rendered":"https:\/\/www.europesays.com\/es\/746200\/"},"modified":"2026-09-03T21:41:15","modified_gmt":"2026-09-03T21:41:15","slug":"suspendido-el-xvi-campeonato-de-espana-de-travesias-y-xvi-campeonato-de-espana-de-travesias-master","status":"publish","type":"post","link":"https:\/\/www.europesays.com\/es\/746200\/","title":{"rendered":"Suspendido el XVI Campeonato de Espa\u00f1a de Traves\u00edas y XVI Campeonato de Espa\u00f1a de Traves\u00edas M\u00e1ster"},"content":{"rendered":"<p>La previsi\u00f3n de temperaturas extremadamente elevadas para este pr\u00f3ximo fin de semana en Toledo lleva a la <strong>SUSPENSI\u00d3N, como medida de precauci\u00f3n, del Campeonato de Espa\u00f1a de Traves\u00edas y del Campeonato de Espa\u00f1a de Traves\u00edas M\u00e1ster<\/strong>, que estaba previsto celebrarse este s\u00e1bado en Cazalegas.<\/p>\n<p>Esta decisi\u00f3n se ha tomado teniendo en cuenta la <strong>Alerta Naranja emitida por AEMET<\/strong> para este fin de semana, as\u00ed como las condiciones meteorol\u00f3gicas previstas, con el objetivo de garantizar la seguridad y el bienestar de todos los participantes, t\u00e9cnicos, \u00e1rbitros y dem\u00e1s personas implicadas en el evento.<\/p>\n<p>Lamentamos las molestias que esta decisi\u00f3n pueda ocasionar y agradecemos la comprensi\u00f3n de todos los afectados.<\/p>\n","protected":false},"excerpt":{"rendered":"La previsi\u00f3n de temperaturas extremadamente elevadas para este pr\u00f3ximo fin de semana en Toledo lleva a la SUSPENSI\u00d3N,&hellip;\n","protected":false},"author":2,"featured_media":746201,"comment_status":"","ping_status":"","sticky":false,"template":"","format":"standard","meta":{"footnotes":""},"categories":[93],"tags":[168,25,24,23,167],"class_list":["post-746200","post","type-post","status-publish","format-standard","has-post-thumbnail","category-deportes","tag-deportes","tag-es","tag-espana","tag-spain","tag-sports"],"share_on_mastodon":{"url":"https:\/\/pubeurope.com\/@es\/117209287159912279","error":""},"_links":{"self":[{"href":"https:\/\/www.europesays.com\/es\/wp-json\/wp\/v2\/posts\/746200","targetHints":{"allow":["GET"]}}],"collection":[{"href":"https:\/\/www.europesays.com\/es\/wp-json\/wp\/v2\/posts"}],"about":[{"href":"https:\/\/www.europesays.com\/es\/wp-json\/wp\/v2\/types\/post"}],"author":[{"embeddable":true,"href":"https:\/\/www.europesays.com\/es\/wp-json\/wp\/v2\/users\/2"}],"replies":[{"embeddable":true,"href":"https:\/\/www.europesays.com\/es\/wp-json\/wp\/v2\/comments?post=746200"}],"version-history":[{"count":0,"href":"https:\/\/www.europesays.com\/es\/wp-json\/wp\/v2\/posts\/746200\/revisions"}],"wp:featuredmedia":[{"embeddable":true,"href":"https:\/\/www.europesays.com\/es\/wp-json\/wp\/v2\/media\/746201"}],"wp:attachment":[{"href":"https:\/\/www.europesays.com\/es\/wp-json\/wp\/v2\/media?parent=746200"}],"wp:term":[{"taxonomy":"category","embeddable":true,"href":"https:\/\/www.europesays.com\/es\/wp-json\/wp\/v2\/categories?post=746200"},{"taxonomy":"post_tag","embeddable":true,"href":"https:\/\/www.europesays.com\/es\/wp-json\/wp\/v2\/tags?post=746200"}],"curies":[{"name":"wp","href":"https:\/\/api.w.org\/{rel}","templated":true}]}}