{"id":746202,"date":"2026-09-03T21:42:09","date_gmt":"2026-09-03T21:42:09","guid":{"rendered":"https:\/\/www.europesays.com\/es\/746202\/"},"modified":"2026-09-03T21:42:09","modified_gmt":"2026-09-03T21:42:09","slug":"las-garrapatas-que-transmiten-la-fiebre-hemorragica-crimea-congo-se-expanden-en-media-hora-recoges-30-o-40","status":"publish","type":"post","link":"https:\/\/www.europesays.com\/es\/746202\/","title":{"rendered":"Las garrapatas que transmiten la fiebre hemorr\u00e1gica Crimea Congo se expanden: \u00abEn media hora, recoges 30 o 40\u00bb"},"content":{"rendered":"<p class=\"article-text\">\n        Un hombre de 84 a\u00f1os falleci\u00f3 este verano en Salamanca. Es uno de los cuatro casos de fiebre hemorr\u00e1gica Crimea Congo identificados por las autoridades sanitarias esta temporada en Espa\u00f1a. En la \u00faltima d\u00e9cada, el Ministerio de Ciencia ha contabilizado un total de 19 infecciones, de las cuales seis no sobrevivieron al virus de esta enfermedad emergente. Hasta 2016, no se hab\u00eda detectado en el pa\u00eds, seg\u00fan indica el <a href=\"https:\/\/cne.isciii.es\/documents\/d\/cne\/informe_renave_fhcc-2016-2025-1\" target=\"_blank\" data-mrf-recirculation=\"links-noticia\" class=\"link\" rel=\"nofollow noopener\">Informe epidemiol\u00f3gico sobre la situaci\u00f3n de la fiebre hemorr\u00e1gica de Crimea-Congo en Espa\u00f1a. A\u00f1os 2016 a 2025<\/a>, que califica estos hallazgos de \u201cespor\u00e1dicos\u201d, aunque preocupan a los expertos.\n    <\/p>\n<p class=\"article-text\">\n        La fiebre hemorr\u00e1gica Crimea Congo es una infecci\u00f3n v\u00edrica que se transmite de animales a humanos \u2014zoonosis\u2014, principalmente a trav\u00e9s de garrapatas infectadas. Seg\u00fan explica el doctor \u00c1lex Almuedo, doctor del Hospital Cl\u00ednic de Barcelona e investigador del Instituto de Salud Global de Barcelona (ISGlobal), esta enfermedad es conocida y end\u00e9mica en <a href=\"https:\/\/www.eldiario.es\/extremadura\/sociedad\/extremadura-confirma-caso-fiebre-hemorragica-crimea-congo-hospitalizado-plasencia_1_11606187.html\" data-mrf-recirculation=\"links-noticia\" class=\"link\" rel=\"nofollow noopener\" target=\"_blank\">varios pa\u00edses<\/a>, mientras est\u00e1 emergiendo en otros como Espa\u00f1a por diferentes causas. Por ejemplo, por el comercio de ganado ilegal en \u00c1frica o por la emergencia clim\u00e1tica en latitudes m\u00e1s cercanas: \u201cLas garrapatas, con el cambio clim\u00e1tico, est\u00e1n muy contentas\u201d.\n    <\/p>\n","protected":false},"excerpt":{"rendered":"Un hombre de 84 a\u00f1os falleci\u00f3 este verano en Salamanca. Es uno de los cuatro casos de fiebre&hellip;\n","protected":false},"author":2,"featured_media":746203,"comment_status":"","ping_status":"","sticky":false,"template":"","format":"standard","meta":{"footnotes":""},"categories":[92],"tags":[1881,11499,9758,23898,25,24,120361,7751,11283,165,56144,1458,2750,132471,166,23,14748],"class_list":["post-746202","post","type-post","status-publish","format-standard","has-post-thumbnail","category-salud","tag-1881","tag-11499","tag-congo","tag-crimea","tag-es","tag-espana","tag-expanden","tag-fiebre","tag-garrapatas","tag-health","tag-hemorragica","tag-hora","tag-media","tag-recoges","tag-salud","tag-spain","tag-transmiten"],"share_on_mastodon":{"url":"https:\/\/pubeurope.com\/@es\/117209291072728973","error":""},"_links":{"self":[{"href":"https:\/\/www.europesays.com\/es\/wp-json\/wp\/v2\/posts\/746202","targetHints":{"allow":["GET"]}}],"collection":[{"href":"https:\/\/www.europesays.com\/es\/wp-json\/wp\/v2\/posts"}],"about":[{"href":"https:\/\/www.europesays.com\/es\/wp-json\/wp\/v2\/types\/post"}],"author":[{"embeddable":true,"href":"https:\/\/www.europesays.com\/es\/wp-json\/wp\/v2\/users\/2"}],"replies":[{"embeddable":true,"href":"https:\/\/www.europesays.com\/es\/wp-json\/wp\/v2\/comments?post=746202"}],"version-history":[{"count":0,"href":"https:\/\/www.europesays.com\/es\/wp-json\/wp\/v2\/posts\/746202\/revisions"}],"wp:featuredmedia":[{"embeddable":true,"href":"https:\/\/www.europesays.com\/es\/wp-json\/wp\/v2\/media\/746203"}],"wp:attachment":[{"href":"https:\/\/www.europesays.com\/es\/wp-json\/wp\/v2\/media?parent=746202"}],"wp:term":[{"taxonomy":"category","embeddable":true,"href":"https:\/\/www.europesays.com\/es\/wp-json\/wp\/v2\/categories?post=746202"},{"taxonomy":"post_tag","embeddable":true,"href":"https:\/\/www.europesays.com\/es\/wp-json\/wp\/v2\/tags?post=746202"}],"curies":[{"name":"wp","href":"https:\/\/api.w.org\/{rel}","templated":true}]}}