{"id":746212,"date":"2026-09-03T21:47:10","date_gmt":"2026-09-03T21:47:10","guid":{"rendered":"https:\/\/www.europesays.com\/es\/746212\/"},"modified":"2026-09-03T21:47:10","modified_gmt":"2026-09-03T21:47:10","slug":"herido-de-gravedad-un-hombre-tras-recibir-un-disparo-en-barakaldo-euskal-herria","status":"publish","type":"post","link":"https:\/\/www.europesays.com\/es\/746212\/","title":{"rendered":"Herido de gravedad un hombre tras recibir un disparo en Barakaldo | Euskal Herria"},"content":{"rendered":"<p>        <img decoding=\"async\" alt=\"Imagen de archivo de un veh\u00edculo de la Ertzaintza.\" loading=\"lazy\"   height=\"1041\" width=\"1200\" src=\"https:\/\/www.europesays.com\/es\/wp-content\/uploads\/2026\/09\/EuropaPress_6003570_coche_ertzaintza.jpg\"\/>Imagen de archivo de un veh\u00edculo de la Ertzaintza. (ERTZAINTZA)<\/p>\n<p>La Ertzaintza ha detenido esta tarde al presunto autor de un tiroteo perpetrado en Barakaldo. El suceso ha ocurrido a las ocho y media de esta tarde en las inmediaciones del campo de f\u00fatbol de Lasesarre en Barakaldo, donde un hombre, ha resultado herido despu\u00e9s de que otro le disparase varias veces con una escopeta.<\/p>\n<p>Tras tener conocimiento del incidente, varios recursos policiales se han trasladado al lugar, as\u00ed como personal sanitario que ha atendido a la v\u00edctima, un hombre de 48 a\u00f1os. Esta presentaba varias heridas en el abdomen producidas por el arma de fuego y ha \u00a0tenido que ser trasladado a un centro hospitalario.<\/p>\n<p>La Ertzaintza ha iniciado una investigaci\u00f3n para identificar y arrestar al presunto autor de la agresi\u00f3n. Ha establecido un dispositivo de b\u00fasqueda del sospechoso, que hab\u00eda huido del lugar en un veh\u00edculo. Poco despu\u00e9s, una patrulla ha localizado al sospechoso circulando por el municipio de Amurrio, donde ha sido detenido por los agentes. En un registro del interior de su veh\u00edculo se ha encontrado el arma utilizada en la agresi\u00f3n.\u00a0<\/p>\n<p>El arrestado, tambi\u00e9n de 48 a\u00f1os de edad, ha sido trasladado a dependencias de la Ertzaintza, acusado de un delito de intento de homicidio.<\/p>\n<p>La Ertzaintza contin\u00faa con la investigaci\u00f3n para determinar el m\u00f3vil de suceso que podr\u00eda tener un car\u00e1cter sentimental.<\/p>\n","protected":false},"excerpt":{"rendered":"Imagen de archivo de un veh\u00edculo de la Ertzaintza. (ERTZAINTZA) La Ertzaintza ha detenido esta tarde al presunto&hellip;\n","protected":false},"author":2,"featured_media":746213,"comment_status":"","ping_status":"","sticky":false,"template":"","format":"standard","meta":{"footnotes":""},"categories":[8],"tags":[14314,17,18,24925,25,24,13,14,11226,11,53,366,19,20,9,10,15,16,5847,23,12,21,22],"class_list":["post-746212","post","type-post","status-publish","format-standard","has-post-thumbnail","category-espana","tag-barakaldo","tag-breaking-news","tag-breakingnews","tag-disparo","tag-es","tag-espana","tag-featured-news","tag-featurednews","tag-gravedad","tag-headlines","tag-herido","tag-hombre","tag-latest-news","tag-latestnews","tag-news","tag-noticias","tag-noticias-destacadas","tag-noticiasdestacadas","tag-recibir","tag-spain","tag-titulares","tag-ultimas-noticias","tag-ultimasnoticias"],"share_on_mastodon":{"url":"https:\/\/pubeurope.com\/@es\/117209311355977300","error":""},"_links":{"self":[{"href":"https:\/\/www.europesays.com\/es\/wp-json\/wp\/v2\/posts\/746212","targetHints":{"allow":["GET"]}}],"collection":[{"href":"https:\/\/www.europesays.com\/es\/wp-json\/wp\/v2\/posts"}],"about":[{"href":"https:\/\/www.europesays.com\/es\/wp-json\/wp\/v2\/types\/post"}],"author":[{"embeddable":true,"href":"https:\/\/www.europesays.com\/es\/wp-json\/wp\/v2\/users\/2"}],"replies":[{"embeddable":true,"href":"https:\/\/www.europesays.com\/es\/wp-json\/wp\/v2\/comments?post=746212"}],"version-history":[{"count":0,"href":"https:\/\/www.europesays.com\/es\/wp-json\/wp\/v2\/posts\/746212\/revisions"}],"wp:featuredmedia":[{"embeddable":true,"href":"https:\/\/www.europesays.com\/es\/wp-json\/wp\/v2\/media\/746213"}],"wp:attachment":[{"href":"https:\/\/www.europesays.com\/es\/wp-json\/wp\/v2\/media?parent=746212"}],"wp:term":[{"taxonomy":"category","embeddable":true,"href":"https:\/\/www.europesays.com\/es\/wp-json\/wp\/v2\/categories?post=746212"},{"taxonomy":"post_tag","embeddable":true,"href":"https:\/\/www.europesays.com\/es\/wp-json\/wp\/v2\/tags?post=746212"}],"curies":[{"name":"wp","href":"https:\/\/api.w.org\/{rel}","templated":true}]}}