{"id":746216,"date":"2026-09-03T21:52:24","date_gmt":"2026-09-03T21:52:24","guid":{"rendered":"https:\/\/www.europesays.com\/es\/746216\/"},"modified":"2026-09-03T21:52:24","modified_gmt":"2026-09-03T21:52:24","slug":"borja-martin-josele-ballester-y-luis-masaveu-brillan-en-la-escuela-del-dp-world-tour","status":"publish","type":"post","link":"https:\/\/www.europesays.com\/es\/746216\/","title":{"rendered":"Borja Mart\u00edn, Josele Ballester y Luis Masaveu brillan en la escuela del DP World Tour"},"content":{"rendered":"<p>&#13;<br \/>\n        &#13;<br \/>\n&#13;<br \/>\n        &#13;<\/p>\n<p>            <a href=\"https:\/\/www.europesays.com\/es\/wp-content\/uploads\/2026\/09\/ballesteropen26lunes.jpg\" data-caption=\"Josele Ballester, durante la ronda de pr\u00e1cticas del Open Championship. hoyo 18.\"><img decoding=\"async\" loading=\"lazy\" width=\"2000\" height=\"1333\" class=\"entry-thumb td-modal-image\" src=\"https:\/\/www.europesays.com\/es\/wp-content\/uploads\/2026\/09\/ballesteropen26lunes.jpg\" alt=\"Josele Ballester, durante la ronda de pr\u00e1cticas del lunes en Royal Birkdale, hoyo 18.\" title=\"Josele Ballester, durante la ronda de pr\u00e1cticas del lunes en Royal Birkdale, hoyo 18.\"\/><\/a>Josele Ballester, durante la ronda de pr\u00e1cticas del Open Championship. hoyo 18.<\/p>\n<p>            \u2013 Nueva semana en la primera fase de la Escuela del DP World Tour. Dos torneos m\u00e1s. Seis espa\u00f1oles en liza. Cuatro est\u00e1n jugando en Hulencurt, donde ya se han disputado dos rondas, y otros dos est\u00e1n en Huddersfield, donde este mi\u00e9rcoles ha empezado el juego. Las notic<\/p>\n<p>Para seguir leyendo, Suscr\u00edbete<\/p>\n<p>    Subscription OptionsMENSUAL<\/p>\n<p>Unlimited  Entradas<\/p>\n<p>Unlimited  Galer\u00edas<\/p>\n<p>Unlimited  \u00c1lbumes<\/p>\n<p>Unlimited  P\u00e1ginas<\/p>\n<p>ANUAL + LIBRO<\/p>\n<p>Unlimited  Entradas<\/p>\n<p>Unlimited  Galer\u00edas<\/p>\n<p>Unlimited  \u00c1lbumes<\/p>\n<p>Unlimited  P\u00e1ginas<\/p>\n<p>ANUAL<\/p>\n<p>Unlimited  Entradas<\/p>\n<p>Unlimited  Galer\u00edas<\/p>\n<p>Unlimited  \u00c1lbumes<\/p>\n<p>Unlimited  P\u00e1ginas<\/p>\n<p>    Recibe 30 mulligans para gastar en <a href=\"https:\/\/thegame.ten-golf.com\" target=\"_blank\" rel=\"nofollow noopener\">TheGame<\/a> junto a tu suscripci\u00f3n anual (al final de la temporada se quitar\u00e1n los mulligans no gastados)<\/p>\n<p>    Pincha <a href=\"https:\/\/ten-golf.com\/tengolf-pone-en-marcha-el-muro-de-pago-y-crea-el-club-tengolf\" target=\"_blank\" rel=\"nofollow noopener\">aqu\u00ed<\/a> para saber m\u00e1s sobre las distintas suscripciones<\/p>\n<p>        &#13;<br \/>\n&#13;<br \/>\n        &#13;<br \/>\n            &#13;<br \/>\n            &#13;<br \/>\n&#13;<\/p>\n<p class=\"join-telegram\"><img decoding=\"async\" class=\"loading\" src=\"https:\/\/www.europesays.com\/es\/wp-content\/uploads\/2026\/09\/1788472344_42_telegram-icon.png\" alt=\"\"\/> S\u00edguenos tambi\u00e9n en <a href=\"https:\/\/telegram.org\/\" target=\"_blank\" style=\"font-weight: normal;\" rel=\"nofollow noopener\">Telegram<\/a> en el canal <a href=\"https:\/\/t.me\/tengolf\" target=\"_blank\" rel=\"nofollow\">@tengolf<\/a><\/p>\n<p>        &#13;<br \/>\n        <a class=\"will-load\" name=\"end-article\" data-id=\"post-225577\"\/>&#13;<\/p>\n","protected":false},"excerpt":{"rendered":"&#13; &#13; &#13; &#13; Josele Ballester, durante la ronda de pr\u00e1cticas del Open Championship. hoyo 18. \u2013 Nueva&hellip;\n","protected":false},"author":2,"featured_media":746217,"comment_status":"","ping_status":"","sticky":false,"template":"","format":"standard","meta":{"footnotes":""},"categories":[275],"tags":[117940,58011,168,7316,25,9076,24,329,132472,34253,118203,7059,40572,336,338,339,340,114095,23,167],"class_list":["post-746216","post","type-post","status-publish","format-standard","has-post-thumbnail","category-golf","tag-alfonso-buendia","tag-borja-martin","tag-deportes","tag-dp-world-tour","tag-es","tag-escuela","tag-espana","tag-golf","tag-huddersfield","tag-hulencurt","tag-jose-sintes","tag-josele-ballester","tag-luis-masaveu","tag-notificacion","tag-portada","tag-portada-america","tag-portada-global","tag-ruben-pardo","tag-spain","tag-sports"],"share_on_mastodon":{"url":"https:\/\/pubeurope.com\/@es\/117209331960625246","error":""},"_links":{"self":[{"href":"https:\/\/www.europesays.com\/es\/wp-json\/wp\/v2\/posts\/746216","targetHints":{"allow":["GET"]}}],"collection":[{"href":"https:\/\/www.europesays.com\/es\/wp-json\/wp\/v2\/posts"}],"about":[{"href":"https:\/\/www.europesays.com\/es\/wp-json\/wp\/v2\/types\/post"}],"author":[{"embeddable":true,"href":"https:\/\/www.europesays.com\/es\/wp-json\/wp\/v2\/users\/2"}],"replies":[{"embeddable":true,"href":"https:\/\/www.europesays.com\/es\/wp-json\/wp\/v2\/comments?post=746216"}],"version-history":[{"count":0,"href":"https:\/\/www.europesays.com\/es\/wp-json\/wp\/v2\/posts\/746216\/revisions"}],"wp:featuredmedia":[{"embeddable":true,"href":"https:\/\/www.europesays.com\/es\/wp-json\/wp\/v2\/media\/746217"}],"wp:attachment":[{"href":"https:\/\/www.europesays.com\/es\/wp-json\/wp\/v2\/media?parent=746216"}],"wp:term":[{"taxonomy":"category","embeddable":true,"href":"https:\/\/www.europesays.com\/es\/wp-json\/wp\/v2\/categories?post=746216"},{"taxonomy":"post_tag","embeddable":true,"href":"https:\/\/www.europesays.com\/es\/wp-json\/wp\/v2\/tags?post=746216"}],"curies":[{"name":"wp","href":"https:\/\/api.w.org\/{rel}","templated":true}]}}