{"id":746222,"date":"2026-09-03T21:56:14","date_gmt":"2026-09-03T21:56:14","guid":{"rendered":"https:\/\/www.europesays.com\/es\/746222\/"},"modified":"2026-09-03T21:56:14","modified_gmt":"2026-09-03T21:56:14","slug":"el-cb-zamora-caja-rural-gana-su-primer-partido-de-la-pretemporada","status":"publish","type":"post","link":"https:\/\/www.europesays.com\/es\/746222\/","title":{"rendered":"El CB Zamora Caja Rural gana su primer partido de la pretemporada"},"content":{"rendered":"<p class=\"ft-text\">El CB Zamora sald\u00f3 su primer partido de pretemporada con una merecida victoria (64-74) contra uno de los candidatos al ascenso a la ACB, un Palencia que solo fue capaz de superar a los de Saulo en el tercer cuarto. La Copa Federaci\u00f3n continuar\u00e1 este viernes en el \u00c1ngel Nieto con el Palencia-Tizona y el s\u00e1bado volver\u00e1 el CB Zamora para jugarse el t\u00edtulo ante el equipo burgal\u00e9s.<\/p>\n<p class=\"ft-text\">Desde los primeros compases del partido disputado en un pabell\u00f3n \u00c1ngel Nieto con una temperatura t\u00f3rrida, pudo comprobarse que este CB Zamora es bastante distinto al de la pasada campa\u00f1a, y no s\u00f3lo porque los cambios en la plantilla hayan sido abundantes sino tambi\u00e9n por las propias caracter\u00edsticas de los nuevos jugadores que le permiten jugar con una enorme velocidad, sobre todo en el balance ofensivo.<\/p>\n<p class=\"ft-text\">Poco se puede afirmar de forma categ\u00f3rica sobre lo que ofreci\u00f3 ante Palencia este nuevo CBZ, pero la primera impresi\u00f3n debe de ser positiva y m\u00e1s teniendo en cuenta que fueron tres los jugadores que no llegaron a saltar a la cancha por lesi\u00f3n. En su lugar pudieron disponer de minutos Esteban Hern\u00e1ndez, Rub\u00e9n Hern\u00e1ndez y Carlos Arranz que hicieron las delicias de la afici\u00f3n blanquiazul. <\/p>\n<p class=\"ft-text\">Si el CB Zamora est\u00e1 todav\u00eda muy verde -era su primer partido de pretemporada, a tan solo unos d\u00edas de iniciar los entrenamientos- el potente Palencia no le fue a la zaga y encontr\u00f3 durante la primera mitad enormes problemas en ataque hasta el punto de cerrar el primer cuarto con tan s\u00f3lo 12 puntos anotados. Su evoluci\u00f3n fue a m\u00e1s en el resto del encuentro, y qued\u00f3 patente que volver\u00e1 a ser un claro aspirante al ascenso a la Liga ACB. <\/p>\n<p class=\"ft-text\">Los de Saulo Hern\u00e1ndez comenzaron imprimiendo un ritmo alt\u00edsimo al partido que sorprendi\u00f3 a su rival y el 0-8 o el 2-10 de los primeros minutos dej\u00f3 patente una clara superioridad de los zamoranos que defend\u00edan con enorme intensidad. Ypese a que los palentinos llegaron a acercarse a cuatro puntos, el primer cuarto se cerr\u00f3 con 12-20.<\/p>\n<p class=\"ft-text\">No mejor\u00f3 el equipo que dirige Natxo Lezkano en el segundo cuarto y el t\u00e9cnico palentino tuvo que pedir un tiempo muerto en el minuto 16 con 16-29 para intentar espabilar asus jugadores, pero solo pudieron acercarse a seis puntos(28-34) y se fueron al descanso con un 28-36 que supon\u00eda media victoria para el CB Zamora en el primer partido oficial de la temporada. <\/p>\n<p class=\"ft-text\">Pero la progresi\u00f3n visitante continu\u00f3 en el tercer cuarto y el Palencia comenz\u00f3 a ver aro, lo que trajo consigo que paulatinamente se fuera acercando en el marcador en medio de constantes pol\u00e9micas arbitrales hasta que Saulo Hern\u00e1ndez tuvo que pedir un tiempo muerto con 50-50. Pero el Palencia segu\u00eda acertando y un triple le permiti\u00f3 tomar la primera delantera en el marcador con 53-52. Aunque los zamoranos lograron salvar los muebles para cerrar el tercer cuarto con 53-56.<\/p>\n<p class=\"ft-text\">Todo parec\u00eda a que el Palencia culminar\u00eda su mejor\u00eda con una clara victoria, pero el partido volvi\u00f3 a cambiar de rumbo y pese a que en el CBZ siguieron sin existir los triples, los de Saulo recuperaron la ilusi\u00f3n y pusieron mucha m\u00e1s que su rival para volver a adquirir ventajas c\u00f3modas en el marcador (57-67 minuto 35). Y cinco puntos seguidos de Esteban Hern\u00e1ndez certificaron la victoria zamorana por 64-74.<\/p>\n","protected":false},"excerpt":{"rendered":"El CB Zamora sald\u00f3 su primer partido de pretemporada con una merecida victoria (64-74) contra uno de los&hellip;\n","protected":false},"author":2,"featured_media":746223,"comment_status":"","ping_status":"","sticky":false,"template":"","format":"standard","meta":{"footnotes":""},"categories":[269],"tags":[299,298,8221,2609,168,25,24,4355,1078,2241,23,167,2946],"class_list":["post-746222","post","type-post","status-publish","format-standard","has-post-thumbnail","category-baloncesto","tag-baloncesto","tag-basketball","tag-caja","tag-cb","tag-deportes","tag-es","tag-espana","tag-gana","tag-primera","tag-rural","tag-spain","tag-sports","tag-zamora"],"share_on_mastodon":{"url":"https:\/\/pubeurope.com\/@es\/117209346218288778","error":""},"_links":{"self":[{"href":"https:\/\/www.europesays.com\/es\/wp-json\/wp\/v2\/posts\/746222","targetHints":{"allow":["GET"]}}],"collection":[{"href":"https:\/\/www.europesays.com\/es\/wp-json\/wp\/v2\/posts"}],"about":[{"href":"https:\/\/www.europesays.com\/es\/wp-json\/wp\/v2\/types\/post"}],"author":[{"embeddable":true,"href":"https:\/\/www.europesays.com\/es\/wp-json\/wp\/v2\/users\/2"}],"replies":[{"embeddable":true,"href":"https:\/\/www.europesays.com\/es\/wp-json\/wp\/v2\/comments?post=746222"}],"version-history":[{"count":0,"href":"https:\/\/www.europesays.com\/es\/wp-json\/wp\/v2\/posts\/746222\/revisions"}],"wp:featuredmedia":[{"embeddable":true,"href":"https:\/\/www.europesays.com\/es\/wp-json\/wp\/v2\/media\/746223"}],"wp:attachment":[{"href":"https:\/\/www.europesays.com\/es\/wp-json\/wp\/v2\/media?parent=746222"}],"wp:term":[{"taxonomy":"category","embeddable":true,"href":"https:\/\/www.europesays.com\/es\/wp-json\/wp\/v2\/categories?post=746222"},{"taxonomy":"post_tag","embeddable":true,"href":"https:\/\/www.europesays.com\/es\/wp-json\/wp\/v2\/tags?post=746222"}],"curies":[{"name":"wp","href":"https:\/\/api.w.org\/{rel}","templated":true}]}}