{"id":746224,"date":"2026-09-03T21:57:20","date_gmt":"2026-09-03T21:57:20","guid":{"rendered":"https:\/\/www.europesays.com\/es\/746224\/"},"modified":"2026-09-03T21:57:20","modified_gmt":"2026-09-03T21:57:20","slug":"el-codiciado-delantero-que-rechazo-al-barca-explica-por-que-se-ha-decantado-por-el-psv","status":"publish","type":"post","link":"https:\/\/www.europesays.com\/es\/746224\/","title":{"rendered":"El codiciado delantero que rechaz\u00f3 al Bar\u00e7a explica por qu\u00e9 se ha decantado por el PSV"},"content":{"rendered":"<p class=\"ft-text\"><strong>Mikkel Bro Hansen ya tiene nuevo destino.<\/strong> El delantero centro dan\u00e9s de 17 a\u00f1os, una de las grandes perlas que hab\u00edan despertado el inter\u00e9s de varios gigantes europeos, ha sido <strong>presentado oficialmente como nuevo jugador del PSV despu\u00e9s de abandonar el Bod\u00f8\/Glimt por 3 millones de euros<\/strong>. El atacante de 1,88 metros firma hasta 2029 y afronta ahora el siguiente paso de su prometedora carrera en Eindhoven.<\/p>\n<p class=\"ft-text\"><strong>Su llegada al PSV supone tambi\u00e9n el desenlace de una historia que el Bar\u00e7a llevaba siguiendo desde la pasada temporada<\/strong>. <a class=\"ft-link ft-link--decoration\" href=\"https:\/\/www.sport.es\/es\/noticias\/barca\/crece-interes-barca-mikkel-bro-118768004\" rel=\"nofollow noopener\" target=\"_blank\">El nombre de Bro Hansen lleg\u00f3 a sonar con fuerza en el entorno blaugrana<\/a> como una de las apuestas de futuro de la direcci\u00f3n deportiva de Deco. Finalmente, <strong>el club se decant\u00f3 por Roony Bardghji para reforzar el ataque<\/strong>, pero el dan\u00e9s sigui\u00f3 en el radar del Bar\u00e7a y <a class=\"ft-link ft-link--decoration\" href=\"https:\/\/www.sport.es\/es\/noticias\/barca\/bro-hansen-perla-pelea-media-europa-orbita-barcelona-130816653\" rel=\"nofollow noopener\" target=\"_blank\">volvi\u00f3 a aparecer entre los objetivos de varios grandes europeos durante este mercado<\/a>, incluido el club blaugrana nuevamente.<\/p>\n<p class=\"ft-text\">Ahora, con el fichaje ya cerrado, <strong>Bro Hansen ha explicado por qu\u00e9 ha elegido el PSV<\/strong> pese al inter\u00e9s que hab\u00eda despertado entre algunos de los clubes m\u00e1s importantes del continente. Y su respuesta apunta directamente al proyecto que le presentaron desde Eindhoven.<\/p>\n<p>\u201cFue una elecci\u00f3n f\u00e1cil\u201d<\/p>\n<p class=\"ft-text\">\u201c<strong>Para m\u00ed fue una elecci\u00f3n f\u00e1cil cuando el PSV me explic\u00f3 su inter\u00e9s en m\u00ed. Es un club grande y ten\u00eda preparado un plan de futuro perfecto<\/strong>\u201d, explic\u00f3 el delantero en los canales oficiales de su nuevo equipo.<\/p>\n<p class=\"ft-text\">Bro Hansen tambi\u00e9n puso como ejemplo a varios futbolistas que utilizaron el PSV como trampol\u00edn para crecer en sus carreras. \u201c<strong>Mira, por ejemplo, a jugadores como Xavi Simons, Noni Madueke, Ismael Saibari y as\u00ed sucesivamente<\/strong>\u201d, se\u00f1al\u00f3.<\/p>\n<p class=\"ft-text\">El dan\u00e9s tendr\u00e1 adem\u00e1s una hoja de ruta muy concreta. Aunque se incorporar\u00e1 a tiempo completo a la din\u00e1mica del primer equipo, inicialmente disputar\u00e1 algunos encuentros con el filial del PSV mientras trabaja para ganarse minutos con el primer equipo: \u201c<strong>Voy a luchar por conseguir tantos minutos como sea posible dentro de la plantilla principal. No puedo esperar para empezar<\/strong>\u201d, concluy\u00f3.<\/p>\n<p><img decoding=\"async\" src=\"https:\/\/www.europesays.com\/es\/wp-content\/uploads\/2026\/09\/52b932bb-ee6f-4163-ad98-54d28fcd0c8c_alta-libre-aspect-ratio_default_0.jpg\" width=\"1200\" height=\"781\" alt=\"Mikkel Bro Hansen, en un partido con el Bodo Glimt \/\/ \u2018X\u2019\" class=\"ft-helper-img-rd\" loading=\"lazy\" fetchpriority=\"auto\"\/><\/p>\n<p class=\"ft-helper-fontColor-quaternary ft-helper-fontSize-body-S ft-helper-spacer-t-xxs\">Mikkel Bro Hansen, en un partido con el Bodo Glimt  \/ Bodo Glimt<\/p>\n<p>El Bar\u00e7a ya hab\u00eda apostado por \u00e9l<\/p>\n<p class=\"ft-text\">El PSV se lleva as\u00ed a un futbolista que <strong>ya hab\u00eda estado muy cerca del radar azulgrana<\/strong>. El Bar\u00e7a era uno de los grandes clubes que segu\u00edan sus pasos junto a <strong>Manchester City, Juventus, Ajax y Newcastle<\/strong>, despu\u00e9s de que el joven atacante continuara destacando en el Bod\u00f8\/Glimt.<\/p>\n<p class=\"ft-text\">El dan\u00e9s llega finalmente a Eindhoven despu\u00e9s de haber dejado una huella importante pese a su corta edad. Con el <strong>Bod\u00f8\/Glimt disput\u00f3 15 partidos oficiales y marc\u00f3 ocho goles y dio tres asistencias<\/strong>, cifras que explican el inter\u00e9s generado alrededor de su figura. Tambi\u00e9n ha destacado con las categor\u00edas inferiores de Dinamarca, con 13 goles en 16 partidos con la selecci\u00f3n sub-17.<\/p>\n<p class=\"ft-text\">Para el Bar\u00e7a, el movimiento supone <strong>ver c\u00f3mo se escapa una de las j\u00f3venes promesas que lleg\u00f3 a estar en su \u00f3rbita<\/strong>. Bro Hansen ha elegido finalmente el camino del PSV, convencido por un proyecto que, seg\u00fan sus propias palabras, le ofrece el escenario adecuado para dar el siguiente paso.<\/p>\n","protected":false},"excerpt":{"rendered":"Mikkel Bro Hansen ya tiene nuevo destino. El delantero centro dan\u00e9s de 17 a\u00f1os, una de las grandes&hellip;\n","protected":false},"author":2,"featured_media":746225,"comment_status":"","ping_status":"","sticky":false,"template":"","format":"standard","meta":{"footnotes":""},"categories":[268],"tags":[2296,29112,59429,5030,168,25,24,5134,280,282,4698,3635,281,23,167],"class_list":["post-746224","post","type-post","status-publish","format-standard","has-post-thumbnail","category-futbol","tag-barca","tag-bodo-glimt","tag-codiciado","tag-delantero","tag-deportes","tag-es","tag-espana","tag-explica","tag-football","tag-futbol","tag-psv","tag-rechazo","tag-soccer","tag-spain","tag-sports"],"share_on_mastodon":{"url":"https:\/\/pubeurope.com\/@es\/117209351389408349","error":""},"_links":{"self":[{"href":"https:\/\/www.europesays.com\/es\/wp-json\/wp\/v2\/posts\/746224","targetHints":{"allow":["GET"]}}],"collection":[{"href":"https:\/\/www.europesays.com\/es\/wp-json\/wp\/v2\/posts"}],"about":[{"href":"https:\/\/www.europesays.com\/es\/wp-json\/wp\/v2\/types\/post"}],"author":[{"embeddable":true,"href":"https:\/\/www.europesays.com\/es\/wp-json\/wp\/v2\/users\/2"}],"replies":[{"embeddable":true,"href":"https:\/\/www.europesays.com\/es\/wp-json\/wp\/v2\/comments?post=746224"}],"version-history":[{"count":0,"href":"https:\/\/www.europesays.com\/es\/wp-json\/wp\/v2\/posts\/746224\/revisions"}],"wp:featuredmedia":[{"embeddable":true,"href":"https:\/\/www.europesays.com\/es\/wp-json\/wp\/v2\/media\/746225"}],"wp:attachment":[{"href":"https:\/\/www.europesays.com\/es\/wp-json\/wp\/v2\/media?parent=746224"}],"wp:term":[{"taxonomy":"category","embeddable":true,"href":"https:\/\/www.europesays.com\/es\/wp-json\/wp\/v2\/categories?post=746224"},{"taxonomy":"post_tag","embeddable":true,"href":"https:\/\/www.europesays.com\/es\/wp-json\/wp\/v2\/tags?post=746224"}],"curies":[{"name":"wp","href":"https:\/\/api.w.org\/{rel}","templated":true}]}}