{"id":746232,"date":"2026-09-03T22:03:25","date_gmt":"2026-09-03T22:03:25","guid":{"rendered":"https:\/\/www.europesays.com\/es\/746232\/"},"modified":"2026-09-03T22:03:25","modified_gmt":"2026-09-03T22:03:25","slug":"los-conciertos-de-katy-perry-en-paris-se-transforman-en-un-evento-cinematografico","status":"publish","type":"post","link":"https:\/\/www.europesays.com\/es\/746232\/","title":{"rendered":"Los conciertos de Katy Perry en Par\u00eds se transforman en un evento cinematogr\u00e1fico"},"content":{"rendered":"<p><img decoding=\"async\" class=\"v-ath__i\" loading=\"lazy\" src=\"https:\/\/www.europesays.com\/es\/wp-content\/uploads\/2026\/09\/1788473005_483_autor-5496-foto-3.jpeg\" alt=\"Agencia EFE\"\/><\/p>\n<p>03\/09\/2026 a las 11:46h.<\/p>\n<p class=\"v-d-p\">Madrid, 3 sep (EFE).- Los conciertos de Katy Perry en Par\u00eds en noviembre de 2025 se transforman en un evento cinematogr\u00e1fico en el que se mezclan actuaciones y momentos \u00edntimos para acercar el lado m\u00e1s personal de la artista mediante una experiencia inmersiva. INCLUYE IM\u00c1GENES DE LA OBRA FACILITADAS POR LA DISTRIBUIDORA.<\/p>\n","protected":false},"excerpt":{"rendered":"03\/09\/2026 a las 11:46h. Madrid, 3 sep (EFE).- Los conciertos de Katy Perry en Par\u00eds en noviembre de&hellip;\n","protected":false},"author":2,"featured_media":746233,"comment_status":"","ping_status":"","sticky":false,"template":"","format":"standard","meta":{"footnotes":""},"categories":[170],"tags":[72466,208,146,147,25,24,933,8646,184,185,4759,8647,23,97164],"class_list":["post-746232","post","type-post","status-publish","format-standard","has-post-thumbnail","category-musica","tag-cinematografico","tag-conciertos","tag-entertainment","tag-entretenimiento","tag-es","tag-espana","tag-evento","tag-katy","tag-music","tag-musica","tag-paris","tag-perry","tag-spain","tag-transforman"],"share_on_mastodon":{"url":"https:\/\/pubeurope.com\/@es\/117209374962755733","error":""},"_links":{"self":[{"href":"https:\/\/www.europesays.com\/es\/wp-json\/wp\/v2\/posts\/746232","targetHints":{"allow":["GET"]}}],"collection":[{"href":"https:\/\/www.europesays.com\/es\/wp-json\/wp\/v2\/posts"}],"about":[{"href":"https:\/\/www.europesays.com\/es\/wp-json\/wp\/v2\/types\/post"}],"author":[{"embeddable":true,"href":"https:\/\/www.europesays.com\/es\/wp-json\/wp\/v2\/users\/2"}],"replies":[{"embeddable":true,"href":"https:\/\/www.europesays.com\/es\/wp-json\/wp\/v2\/comments?post=746232"}],"version-history":[{"count":0,"href":"https:\/\/www.europesays.com\/es\/wp-json\/wp\/v2\/posts\/746232\/revisions"}],"wp:featuredmedia":[{"embeddable":true,"href":"https:\/\/www.europesays.com\/es\/wp-json\/wp\/v2\/media\/746233"}],"wp:attachment":[{"href":"https:\/\/www.europesays.com\/es\/wp-json\/wp\/v2\/media?parent=746232"}],"wp:term":[{"taxonomy":"category","embeddable":true,"href":"https:\/\/www.europesays.com\/es\/wp-json\/wp\/v2\/categories?post=746232"},{"taxonomy":"post_tag","embeddable":true,"href":"https:\/\/www.europesays.com\/es\/wp-json\/wp\/v2\/tags?post=746232"}],"curies":[{"name":"wp","href":"https:\/\/api.w.org\/{rel}","templated":true}]}}