{"id":746248,"date":"2026-09-03T22:11:10","date_gmt":"2026-09-03T22:11:10","guid":{"rendered":"https:\/\/www.europesays.com\/es\/746248\/"},"modified":"2026-09-03T22:11:10","modified_gmt":"2026-09-03T22:11:10","slug":"sanchez-se-queda-solo-en-su-defensa-de-que-marruecos-no-organizo-el-asalto-a-ceuta-la-voz-de-galicia","status":"publish","type":"post","link":"https:\/\/www.europesays.com\/es\/746248\/","title":{"rendered":"S\u00e1nchez se queda solo en su defensa de que Marruecos no organiz\u00f3 el asalto a Ceuta &#8211; La Voz de Galicia"},"content":{"rendered":"<ol>\n<li><a href=\"https:\/\/news.google.com\/rss\/articles\/CBMilwJBVV95cUxPbm5zV0wtUU5pdlU0TU5NWmJmU3oteEFHNURTUnJHb3NHazdpVm85NVZpODdjZFIxTmdXcDNaSmlxVGgtQ21GRDFUTHVBLXFjdXBCZVBmRkhab1JXLVpqQUctdi11dGZ6cC01alpmSkR4QWxrTXJ5WGlZTkgwaUFOTmU1WjZlNktQYkpIUEZ1aV9scWpkbEdJUmVDXzIwNVRmZTF2cEJGbmYwZFJHUWpXVThCTk5JaEU1WUtMSGZPbTRwd2JEQ3djVnNJZFpNVWtRTmJuQWp3VFVrTC1VR1J3SlFvOUFVZ3NJUlVDTWpBTllWZ1ZlTkFPVnNybzBzaEZUUGo4dzg3SllXaHhwNWpSOXFUS3I2cG_SAbMCQVVfeXFMTTJCXzZSZkR4NThiYkdlSk90M2J4a1JMVE1xWm1wbDlWMXM0emRVeUQtMG9KZzF3NjFpaW9GRV9GdmhkcGNYTlhaZkZNdThwelRyajRxZlNzLWJSZm9SQ3JBMy1CNk5hdWtORGNBZ3pZV0kwcmxYOWdIeUlqaE9jandVYkVzcEZ4d1gycmVaV1duekx1aE02SC03VGs4MHVjT3piV25UcVV3LXZVdXBIblkxeUIxbl9KdEp6cnhBdHdiSXd4dGZ4NW8wcmJaRTNkUnNiMHhLLWlteUdqbVZBM3dFdkY5NnEwVE92MUIzM0ZsaFVPa3dWQk5mRmNuVnlQUm5xZ0hfQnd3dF9JcmE0S1NmWTJ3Ujl2cHRCWUF6eGJmR2NxME1Rc3U1MC02QXpWMm9iOA?oc=5\" target=\"_blank\" rel=\"nofollow noopener\">S\u00e1nchez se queda solo en su defensa de que Marruecos no organiz\u00f3 el asalto a Ceuta<\/a>&nbsp;&nbsp;La Voz de Galicia<\/li>\n<li><a href=\"https:\/\/news.google.com\/rss\/articles\/CBMiekFVX3lxTE9JTFpmMDl0bWtVbEg1SEZUQVZjaENtZmF1TWJnbFhNRjg0bjQ1TTAzdU0yMllSVEVTMnpYTkRvS01tZG9ibWQ2R1VOWmF1cDU2TDFVVXB0NnM3Q0lUdTM1M2UtaHJUcXVHampMSDVuMFBfVjREcDRpWlJ30gF6QVVfeXFMTTRPbnM5Smd5bUc1cDRiQVRPcV8yXzJ0cGJyZUJKQldMUjA5alREYWd3ZWZvUnZYemhLQkEyX3V4ZzN0c0tpaWlzalR3NDNQbHJJbXlDNTlNUGdsaDFkZ0EwTXZFaEdiVEJMMUNrS1A5cUFBN1V3eWlaMGc?oc=5\" target=\"_blank\" rel=\"nofollow noopener\">Los 12 pecados de S\u00e1nchez: desmentido por los documentos&#8230; y por s\u00ed mismo<\/a>&nbsp;&nbsp;El Mundo<\/li>\n<li><a href=\"https:\/\/news.google.com\/rss\/articles\/CBMi0wFBVV95cUxQSkR6LXZaa29ZZzBRNVAzSjhuRzVyZ3djUlQ4THlEdXZEeXdJcm1HemRvT09Ec1ZjOTNiTnFJaVZHSmZPV244cTFnY2d1YmhRUU1ZWE1MV0xJSVFwb1hFaWxJY1l3X0FsSTVaQWtOV0piNHR1VGZzdDRoVlkzN1BYMnV1M3dsOXRnTThWa2RaeEhOS21maWRleVdUQnFqc2k3dHJhWmpabEwxbzEtdExGTk4tZlpBZ1Jfa3hpaUJ1TDROX2dyNkd6cEpCYk1veDcydHY00gHeAUFVX3lxTE1nWjR4ZFJjYTIwa1ZRZ1kwbG1WUU5Uc1pKelJiNlNjLWZKNm02cGg3eGZ1bUh5TU04bUpITHhQSTZobmRXTG5ZY1k3MVRtREliRDRhcUR5OG9La2lGdUNOQ0RIS1NPcjNtc3A1NnlaTDR6T0NzYmFhbFgwWGNwNFNTNGp1WmJQQUpoQzJIcVNwcFJSbU92THd6RDNWSGZMS3BtOVVsMUVnMnZrSDRialdDdWFiQTVwRnR1cXlJRy1KYlhtWXJOSldjdmtzQWtqRl9YZUFuSHBfcE9UM2xKUQ?oc=5\" target=\"_blank\" rel=\"nofollow noopener\">S\u00e1nchez proclama que las fronteras de Espa\u00f1a est\u00e1n abiertas<\/a>&nbsp;&nbsp;libertaddigital.com<\/li>\n<li><a href=\"https:\/\/news.google.com\/rss\/articles\/CBMimwFBVV95cUxPeWMwYUZKaVMzaGYxU1FKSWx1OVpDX1duUEFfaXBmSFI4N0s1dWNTdXd0OVBlMWVzeTQtMEFGSC1CdkFIQmJWRHBUTjk0MnQyTDdwNFFCSUk2TnZsZURCOUFVR0FqeDRjdWJpWGIxT2w2dExEVVZha3E0MmJWeHo0X21vUFo2OElvd1ZNTjlfZ0tKTGlMMmp2cXVjZ9IBoAFBVV95cUxNZzNndzBvdXFTdnVQX2NFVldQR1dlZFNSbUFGQm5GS25mUTl0VFVESUVQeUhCb1ZETFVYYmJiZFFOX0h2WW9YUkJPaEZVa3dDdnEtd2JIMW5tbjFKTVRNVjhSamdNLU83Zy0wWWNFRzJRZGxDSm41MlUyWTY1dHhXZEVVU1NJT281VDZ1dERsRUk5aDQwTVduazhVdFpUUVdv?oc=5\" target=\"_blank\" rel=\"nofollow noopener\">S\u00e1nchez solo ofrece fracasos a Espa\u00f1a<\/a>&nbsp;&nbsp;ABC<\/li>\n<li><a href=\"https:\/\/news.google.com\/rss\/articles\/CBMimwFBVV95cUxNX0tDZU1jcE9DTjhQYjN3WnRGV1FvVnBVM0VSa3I4bkhsQktWeV9iMFV0cjFuWmlsMm1MN3MxNnBnczNkM2luSUxFSE5fMW5tMVlXX3pDZ1c2OERkS1ZySGhGcUk5UC1iekhRdHRuSnAwaGJGVDFhdjk0aElPbmlxeHpiOURDVWRsZUlEY2JNeTQ2bllBbm9kejlQVQ?oc=5\" target=\"_blank\" rel=\"nofollow noopener\">El Congreso se convierte en territorio hostil para S\u00e1nchez<\/a>&nbsp;&nbsp;elDiario.es<\/li>\n<\/ol>\n","protected":false},"excerpt":{"rendered":"S\u00e1nchez se queda solo en su defensa de que Marruecos no organiz\u00f3 el asalto a Ceuta&nbsp;&nbsp;La Voz de&hellip;\n","protected":false},"author":2,"featured_media":746249,"comment_status":"","ping_status":"","sticky":false,"template":"","format":"standard","meta":{"footnotes":""},"categories":[8],"tags":[17,18,4486,14892,25,24,13,14,11,19,20,9,10,15,16,2959,23,12,21,22],"class_list":["post-746248","post","type-post","status-publish","format-standard","has-post-thumbnail","category-espana","tag-breaking-news","tag-breakingnews","tag-ceuta","tag-congreso-de-los-diputados","tag-es","tag-espana","tag-featured-news","tag-featurednews","tag-headlines","tag-latest-news","tag-latestnews","tag-news","tag-noticias","tag-noticias-destacadas","tag-noticiasdestacadas","tag-pedro-sanchez","tag-spain","tag-titulares","tag-ultimas-noticias","tag-ultimasnoticias"],"share_on_mastodon":{"url":"https:\/\/pubeurope.com\/@es\/117209404798948729","error":""},"_links":{"self":[{"href":"https:\/\/www.europesays.com\/es\/wp-json\/wp\/v2\/posts\/746248","targetHints":{"allow":["GET"]}}],"collection":[{"href":"https:\/\/www.europesays.com\/es\/wp-json\/wp\/v2\/posts"}],"about":[{"href":"https:\/\/www.europesays.com\/es\/wp-json\/wp\/v2\/types\/post"}],"author":[{"embeddable":true,"href":"https:\/\/www.europesays.com\/es\/wp-json\/wp\/v2\/users\/2"}],"replies":[{"embeddable":true,"href":"https:\/\/www.europesays.com\/es\/wp-json\/wp\/v2\/comments?post=746248"}],"version-history":[{"count":0,"href":"https:\/\/www.europesays.com\/es\/wp-json\/wp\/v2\/posts\/746248\/revisions"}],"wp:featuredmedia":[{"embeddable":true,"href":"https:\/\/www.europesays.com\/es\/wp-json\/wp\/v2\/media\/746249"}],"wp:attachment":[{"href":"https:\/\/www.europesays.com\/es\/wp-json\/wp\/v2\/media?parent=746248"}],"wp:term":[{"taxonomy":"category","embeddable":true,"href":"https:\/\/www.europesays.com\/es\/wp-json\/wp\/v2\/categories?post=746248"},{"taxonomy":"post_tag","embeddable":true,"href":"https:\/\/www.europesays.com\/es\/wp-json\/wp\/v2\/tags?post=746248"}],"curies":[{"name":"wp","href":"https:\/\/api.w.org\/{rel}","templated":true}]}}