{"id":746250,"date":"2026-09-03T22:12:21","date_gmt":"2026-09-03T22:12:21","guid":{"rendered":"https:\/\/www.europesays.com\/es\/746250\/"},"modified":"2026-09-03T22:12:21","modified_gmt":"2026-09-03T22:12:21","slug":"milei-vuelve-a-arremeter-contra-sanchez-vean-lo-que-hace-pedrito-en-espana","status":"publish","type":"post","link":"https:\/\/www.europesays.com\/es\/746250\/","title":{"rendered":"Milei vuelve a arremeter contra S\u00e1nchez: \u00abVean lo que hace Pedrito en Espa\u00f1a\u00bb"},"content":{"rendered":"<p>En su discurso han cabido <strong>alabanzas a la dictadura chilena<\/strong> tras el derrocamiento de Salvador Allende (\u00abun periodo de estabilidad y crecimiento que se extendi\u00f3 durante 40 a\u00f1os\u00bb); <strong>la negaci\u00f3n del propio neoliberalismo<\/strong> (\u00abun t\u00e9rmino sin sentido alguno que significa la voluntad de un Gobierno de tener orden fiscal\u00bb) y, por supuesto, cr\u00edticas a su principal obsesi\u00f3n pol\u00edtica: <strong>la izquierda global<\/strong>.<\/p>\n<p>          <img decoding=\"async\" class=\"c-ad__placeholder__logo\" src=\"https:\/\/static.euronews.com\/website\/images\/logos\/logo-euronews-stacked-outlined-72x72-grey-9.svg\" width=\"72\" height=\"72\" alt=\"\" loading=\"lazy\"\/><br \/>\n          PUBLICIDAD<\/p>\n<p>          <img decoding=\"async\" class=\"c-ad__placeholder__logo\" src=\"https:\/\/static.euronews.com\/website\/images\/logos\/logo-euronews-stacked-outlined-72x72-grey-9.svg\" width=\"72\" height=\"72\" alt=\"\" loading=\"lazy\"\/><br \/>\n          PUBLICIDAD<\/p>\n<p>Pero Javier Milei tambi\u00e9n ha dedicado unas palabras a Espa\u00f1a y a Pedro S\u00e1nchez, tal vez en deferencia a los organizadores del Foro Madrid &#8211;<a href=\"https:\/\/es.euronews.com\/my-europe\/2024\/05\/19\/el-mitin-de-vox-reune-en-madrid-a-importantes-figuras-de-la-ultraderecha\" rel=\"nofollow noopener\" target=\"_blank\">Disenso, el &#8216;think tank&#8217; de Vox<\/a>&#8211; que en esta ocasi\u00f3n ha reunido a varios de sus aliados ultraderechistas en Santiago de Chile. Entre los asistentes se encontraba el propio <strong>Jos\u00e9 Antonio Kast<\/strong>, reciente ganador de las elecciones del pa\u00eds transandino, <strong>la vicepresidenta de Honduras<\/strong> o <strong>Sarah Rogers<\/strong>, subsecretaria de Diplomacia P\u00fablica del Departamento de Estado de Estados Unidos.<\/p>\n<p>\u00abPedro S\u00e1nchez y el PSOE est\u00e1n facilitando la inmigraci\u00f3n descontrolada y degradando sistem\u00e1ticamente la identidad espa\u00f1ola (&#8230;) allanando el camino para las hordas extranjeras que terminar\u00e1n reemplaz\u00e1ndolos\u00bb, ha arremetido el presidente argentino poco despu\u00e9s de comenzar un discurso de media hora de duraci\u00f3n, donde tambi\u00e9n <strong>presumi\u00f3 de haber deportado \u00aba m\u00e1s de 14.000 personas\u00bb.<\/strong><\/p>\n<p>El presidente ha exhibido su programa econ\u00f3mico, a pesar de que un n\u00famero r\u00e9cord de hogares argentinos (el 16,3%) tiene problemas para pagar sus deudas, seg\u00fan el centro de estudios Equilibra, contraidas tras las medidas de austeridad impulsadas por Milei. Argentina se encuentra sumida <strong>en un per\u00edodo de estanflaci\u00f3n<\/strong>, que alcanz\u00f3 un pico del 289% bajo la presidencia del ultraderechista, en abril de 2024, y que ahora se mantiene en el 33,8%. <\/p>\n<p>\u00abVean lo que hace Pedrito en Espa\u00f1a\u00bb, remat\u00f3 el presidente argentino sobre S\u00e1nchez. \u00abEst\u00e1 m\u00e1s sucio que una papa, y bien que se ofendi\u00f3 \u00e9l y toda la gentuza que lo rodea, cuando le dije que eran un gobierno de ladrones y parece que los hechos lo confirman\u00bb, ha expresado el presidente <a href=\"https:\/\/es.euronews.com\/my-europe\/2026\/04\/16\/sombras-sobre-espana-puede-la-corrupcion-derribar-a-sanchez\" rel=\"nofollow noopener\" target=\"_blank\">en referencia a los casos de corrupci\u00f3n que rodean al Partido Socialista<\/a> y al entorno familiar del presidente. <\/p>\n<p>Las palabras de Milei se suman a una reciente entrevista publicada hoy para el canal ultraderechista brit\u00e1nico &#8216;GB News&#8217;, donde su hom\u00f3logo estadounidense, Donald Trump, <a href=\"https:\/\/es.euronews.com\/my-europe\/2026\/09\/03\/donald-trump-arremete-una-vez-mas-contra-espana-es-un-pais-arruinado\" rel=\"nofollow noopener\" target=\"_blank\">ha arremetido contra Espa\u00f1a<\/a> calific\u00e1ndolo de \u00abpa\u00eds arruinado\u00bb por la crisis migratoria que vive la Ciudad Aut\u00f3noma de Ceuta.<\/p>\n","protected":false},"excerpt":{"rendered":"En su discurso han cabido alabanzas a la dictadura chilena tras el derrocamiento de Salvador Allende (\u00abun periodo&hellip;\n","protected":false},"author":2,"featured_media":746251,"comment_status":"","ping_status":"","sticky":false,"template":"","format":"standard","meta":{"footnotes":""},"categories":[5],"tags":[283,17,18,25,24,13,14,11,4245,19,20,9,10,15,16,2959,23,12,21,22],"class_list":["post-746250","post","type-post","status-publish","format-standard","has-post-thumbnail","category-titulares","tag-argentina","tag-breaking-news","tag-breakingnews","tag-es","tag-espana","tag-featured-news","tag-featurednews","tag-headlines","tag-javier-milei","tag-latest-news","tag-latestnews","tag-news","tag-noticias","tag-noticias-destacadas","tag-noticiasdestacadas","tag-pedro-sanchez","tag-spain","tag-titulares","tag-ultimas-noticias","tag-ultimasnoticias"],"share_on_mastodon":{"url":"https:\/\/pubeurope.com\/@es\/117209409705300115","error":""},"_links":{"self":[{"href":"https:\/\/www.europesays.com\/es\/wp-json\/wp\/v2\/posts\/746250","targetHints":{"allow":["GET"]}}],"collection":[{"href":"https:\/\/www.europesays.com\/es\/wp-json\/wp\/v2\/posts"}],"about":[{"href":"https:\/\/www.europesays.com\/es\/wp-json\/wp\/v2\/types\/post"}],"author":[{"embeddable":true,"href":"https:\/\/www.europesays.com\/es\/wp-json\/wp\/v2\/users\/2"}],"replies":[{"embeddable":true,"href":"https:\/\/www.europesays.com\/es\/wp-json\/wp\/v2\/comments?post=746250"}],"version-history":[{"count":0,"href":"https:\/\/www.europesays.com\/es\/wp-json\/wp\/v2\/posts\/746250\/revisions"}],"wp:featuredmedia":[{"embeddable":true,"href":"https:\/\/www.europesays.com\/es\/wp-json\/wp\/v2\/media\/746251"}],"wp:attachment":[{"href":"https:\/\/www.europesays.com\/es\/wp-json\/wp\/v2\/media?parent=746250"}],"wp:term":[{"taxonomy":"category","embeddable":true,"href":"https:\/\/www.europesays.com\/es\/wp-json\/wp\/v2\/categories?post=746250"},{"taxonomy":"post_tag","embeddable":true,"href":"https:\/\/www.europesays.com\/es\/wp-json\/wp\/v2\/tags?post=746250"}],"curies":[{"name":"wp","href":"https:\/\/api.w.org\/{rel}","templated":true}]}}