{"id":746256,"date":"2026-09-03T22:18:23","date_gmt":"2026-09-03T22:18:23","guid":{"rendered":"https:\/\/www.europesays.com\/es\/746256\/"},"modified":"2026-09-03T22:18:23","modified_gmt":"2026-09-03T22:18:23","slug":"calar-alto-y-la-pandera-las-montanas-de-la-vuelta-que-esconden-secretos","status":"publish","type":"post","link":"https:\/\/www.europesays.com\/es\/746256\/","title":{"rendered":"Calar Alto y la Pandera, las monta\u00f1as de la Vuelta que esconden secretos"},"content":{"rendered":"<p>En esta Vuelta 2026 a un tercio del territorio de Espa\u00f1a, decide Andaluc\u00eda. Desde este tarde hasta el final en Granada, la carrera ingresa en la comunidad andaluza, que no estuvo presente en el recorrido del a\u00f1o pasado. Dos monta\u00f1as sin la literatura de otras  &#8230; m\u00e1s c\u00e9lebres, como el Angliru o los Lagos de Covagonda, dilucidan <a href=\"https:\/\/www.abc.es\/deportes\/ciclismo\/enric-lider-vuelta-perfeccionista-reservado-mallorquin-20260831011913-nt.html\" target=\"_blank\" data-voc-vtm-id=\"in-text-traffic\" rel=\"nofollow noopener\">el futuro de Enric Mas<\/a> y sus desafiantes. Son Calar Alto (este jueves) y la Sierra de la Pandera (s\u00e1bado). <\/p>\n<p class=\"v-d-p\">Calar Alto es una imponente monta\u00f1a de 2.168 metros, 17 kil\u00f3metros con una pendiente media del 5,6 por ciento y una m\u00e1xima del 18. <\/p>\n<p class=\"v-d-p\">La vegetaci\u00f3n es muy cambiante, entre ramblas y cerros \u00e1ridos cercanos al Desierto de Tabernas. En la cumbre se encuentra el observatorio astron\u00f3mico de Calar Alto, el m\u00e1s grande de la Europa continental y en el que destacan sus grandes c\u00fapulas met\u00e1licas que albergan telescopios profesionales.<\/p>\n<ul class=\"v-cmp-rld__u\">\n<li class=\"v-cmp-rld__l\">\n<p><a class=\"v-a-lnk\" href=\"http:\/\/www.abc.es\/deportes\/ciclismo\/roglic-atropello-luchar-quinta-vuelta-20260901010536-nt.html#vtm_modulosEngag=noticiasrelacionadas-cmp-uno:deportes:noticia:1\" data-voc-vtm-id=\"in-text-traffic\" rel=\"nofollow noopener\" target=\"_blank\"><br \/>\n<img decoding=\"async\" loading=\"lazy\" src=\"https:\/\/www.europesays.com\/es\/wp-content\/uploads\/2026\/09\/rogla-U16404444824nsZ-366x256@diario_abc.jpg\" class=\"v-a-img\" width=\"258\" height=\"180\" alt=\"Roglic, del atropello del coche a luchar por su quinta Vuelta\"\/><br \/>\n<\/a><\/p>\n<\/li>\n<\/ul>\n<p class=\"v-d-p\">\u00abSon dos monta\u00f1as diferentes. Calar Alto es alta monta\u00f1a, sobre todo por lo que hay antes, el puerto de Velefique -explica el exciclista Joaqu\u00edn &#8216;Purito&#8217; Rodr\u00edguez-. Es una sierra muy dura, una zona de continuo sube y baja. Calar Alto es un puerto bastante m\u00e1s largo que la Pandera, es m\u00e1s de fuerza, de sacar watios y empujar\u00bb.<\/p>\n<p class=\"v-d-p\">Antes de Calar Alto, el puerto de Velefique a\u00f1ade grandeza a la etapa. Uno de los altos m\u00e1s duros de la ronda, 13 kil\u00f3metros, con un desnivel medio del 7,2 por ciento y una m\u00e1xima del 15.<\/p>\n<p class=\"v-d-p\">\u00abLa etapa de La Pandera no es tan dura como la de Calar Alto, pero el final s\u00ed que es mucho m\u00e1s explosivos -aporta &#8216;Purito&#8217; Rodr\u00edguez-. Fue uno de esos t\u00edpicos primeros puertos de rampas imposibles que se encontraron en Espa\u00f1a que obligaron a los equipos a cambiar los desarrollos de las bicicletas\u00bb.<\/p>\n<p class=\"v-d-p\">La Sierra de la Pandera tambi\u00e9n guarda secretos. Se encuentra entre los municipios de Los Villares, Valdepe\u00f1as de Ja\u00e9n y Ja\u00e9n y en la cima alberga una antigua base o acuartelamiento militar de comunicaciones.<\/p>\n<p class=\"v-d-p\">Con 1.872 metros de altitud y un ascenso en una carretera descarnada de 11,9 kil\u00f3metros, la cumbre presenta un desnivel de 860 metros, una pendiente media del 72, por ciento y una m\u00e1xima del 17.<\/p>\n<p class=\"v-d-p\">\u00abEn La Pandera se pueden marcar muchas diferencias -dice el director t\u00e9cnico de la Vuelta, Fernando Escart\u00edn-. La etapa es muy dura y va a marcar. De nombre e imagen no son como otros puertos m\u00e1s famosos, pero cumbre muy exigentes\u00bb.<\/p>\n","protected":false},"excerpt":{"rendered":"En esta Vuelta 2026 a un tercio del territorio de Espa\u00f1a, decide Andaluc\u00eda. Desde este tarde hasta el&hellip;\n","protected":false},"author":2,"featured_media":746257,"comment_status":"","ping_status":"","sticky":false,"template":"","format":"standard","meta":{"footnotes":""},"categories":[273],"tags":[3196,79117,313,312,168,25,9585,24,12971,70371,8316,23,167],"class_list":["post-746256","post","type-post","status-publish","format-standard","has-post-thumbnail","category-ciclismo","tag-alto","tag-calar","tag-ciclismo","tag-cycling","tag-deportes","tag-es","tag-esconden","tag-espana","tag-montanas","tag-pandera","tag-secretos","tag-spain","tag-sports"],"share_on_mastodon":{"url":"https:\/\/pubeurope.com\/@es\/117209433204973005","error":""},"_links":{"self":[{"href":"https:\/\/www.europesays.com\/es\/wp-json\/wp\/v2\/posts\/746256","targetHints":{"allow":["GET"]}}],"collection":[{"href":"https:\/\/www.europesays.com\/es\/wp-json\/wp\/v2\/posts"}],"about":[{"href":"https:\/\/www.europesays.com\/es\/wp-json\/wp\/v2\/types\/post"}],"author":[{"embeddable":true,"href":"https:\/\/www.europesays.com\/es\/wp-json\/wp\/v2\/users\/2"}],"replies":[{"embeddable":true,"href":"https:\/\/www.europesays.com\/es\/wp-json\/wp\/v2\/comments?post=746256"}],"version-history":[{"count":0,"href":"https:\/\/www.europesays.com\/es\/wp-json\/wp\/v2\/posts\/746256\/revisions"}],"wp:featuredmedia":[{"embeddable":true,"href":"https:\/\/www.europesays.com\/es\/wp-json\/wp\/v2\/media\/746257"}],"wp:attachment":[{"href":"https:\/\/www.europesays.com\/es\/wp-json\/wp\/v2\/media?parent=746256"}],"wp:term":[{"taxonomy":"category","embeddable":true,"href":"https:\/\/www.europesays.com\/es\/wp-json\/wp\/v2\/categories?post=746256"},{"taxonomy":"post_tag","embeddable":true,"href":"https:\/\/www.europesays.com\/es\/wp-json\/wp\/v2\/tags?post=746256"}],"curies":[{"name":"wp","href":"https:\/\/api.w.org\/{rel}","templated":true}]}}