{"id":746262,"date":"2026-09-03T22:22:22","date_gmt":"2026-09-03T22:22:22","guid":{"rendered":"https:\/\/www.europesays.com\/es\/746262\/"},"modified":"2026-09-03T22:22:22","modified_gmt":"2026-09-03T22:22:22","slug":"billy-ray-cyrus-se-pronuncia-sobre-la-decision-de-miley-de-quitarse-el-apellido-en-su-nuevo-disco-es-natural-en-una-superestrella-legendaria-gente","status":"publish","type":"post","link":"https:\/\/www.europesays.com\/es\/746262\/","title":{"rendered":"Billy Ray Cyrus se pronuncia sobre la decisi\u00f3n de Miley de quitarse el apellido en su nuevo disco: \u201cEs natural en una superestrella legendaria\u201d | Gente"},"content":{"rendered":"<p class=\"\">El cantante de country Billy Ray Cyrus (Kentucky, 65 a\u00f1os) se ha pronunciado este mi\u00e9rcoles 2 de septiembre sobre la decisi\u00f3n de su hija, <a href=\"https:\/\/elpais.com\/gente\/2026-03-24\/las-confesiones-de-miley-cyrus-en-el-regreso-de-hannah-montana-de-su-noviazgo-con-dylan-sprouse-a-la-reconciliacion-con-su-padre.html \" target=\"_blank\" rel=\"noreferrer nofollow noopener\" title=\"https:\/\/elpais.com\/gente\/2026-03-24\/las-confesiones-de-miley-cyrus-en-el-regreso-de-hannah-montana-de-su-noviazgo-con-dylan-sprouse-a-la-reconciliacion-con-su-padre.html \">Miley Cyrus, de no incluir su apellido<\/a> como parte de su nombre art\u00edstico en su nuevo \u00e1lbum, Bass Persuades \u2014cuyo primer single ver\u00e1 la luz este jueves\u2014, algo que s\u00ed hab\u00eda hecho en los nueve discos anteriores. \u201cEs un proceso natural para una superestrella legendaria e ic\u00f3nica\u201d, ha publicado en <a href=\"https:\/\/www.instagram.com\/billyraycyrus\/?hl=es\" target=\"_blank\" rel=\"noreferrer nofollow noopener\" title=\"https:\/\/www.instagram.com\/billyraycyrus\/?hl=es\">su cuenta de Instagram<\/a> \u2014donde tiene 1,8 millones de seguidores\u2014, junto a una antigua foto con su hija y su hijo menor, Braison Cyrus. \u201cSiempre he llamado a mi peque\u00f1a Miley. Simplemente\u2026 Miley. Igual que siempre he llamado a mi peque\u00f1o Braison\u201d, comienza su texto.<\/p>\n<p class=\"\">El artista niega que haya ninguna pol\u00e9mica detr\u00e1s de la decisi\u00f3n de su hija y confirma haber conversado amigablemente con la <a href=\"https:\/\/elpais.com\/television\/series\/2026-03-22\/el-regreso-de-hannah-montana-20-anos-despues-la-leyenda-disney-que-se-reconcilio-con-su-infancia.html\" target=\"_blank\" rel=\"noreferrer nofollow noopener\" title=\"https:\/\/elpais.com\/television\/series\/2026-03-22\/el-regreso-de-hannah-montana-20-anos-despues-la-leyenda-disney-que-se-reconcilio-con-su-infancia.html\">exint\u00e9rprete de Hannah Montana<\/a> sobre este asunto. \u201cAyer le dije a Miley que me parec\u00eda bien que se quedara con su nombre de pila. Le mencion\u00e9 a Dolly y a Cher. Cuanto m\u00e1s lo pienso&#8230; Elvis&#8230; Prince&#8230; y as\u00ed sucesivamente\u201d, ha escrito el cantante.<\/p>\n<p>M\u00e1s informaci\u00f3n<\/p>\n<p class=\"\">La int\u00e9rprete de Wrecking ball no solo ha prescindido de su apellido para su nuevo proyecto, sino que tambi\u00e9n lo ha eliminado este lunes de su perfil de Instagram \u2014con 205 millones de seguidores\u2014, sin ninguna explicaci\u00f3n y despu\u00e9s de publicar <a href=\"https:\/\/www.instagram.com\/p\/Dctgiz9R0IO\/\" target=\"_blank\" rel=\"noreferrer nofollow noopener\" title=\"https:\/\/www.instagram.com\/p\/Dctgiz9R0IO\/\">dos fotos en rojo y negro<\/a>, lo que ha despertado las teor\u00edas de los fans sobre los motivos de este cambio, apuntando a un posible conflicto familiar. Para su padre, en cambio, se trata de un retorno al nombre por el que siempre la llam\u00f3: un nombre que viene de su apodo de infancia, Smiley. <\/p>\n<p class=\"\">La exactriz de Disney, por su parte, a\u00fan no se ha pronunciado oficialmente sobre su decisi\u00f3n, lo que ha avivado los comentarios sobre la relaci\u00f3n de ires y venires con su padre, con quien se distanci\u00f3 desde que termin\u00f3 el rodaje de Hannah Montana \u2014ambos eran padre e hija tambi\u00e9n en la ficci\u00f3n\u2014 en 2011. Esta situaci\u00f3n se agrav\u00f3 con la separaci\u00f3n de Billy Ray Cyrus de la madre de la artista, Tish Cyrus, en abril de 2022. Adem\u00e1s, el cantante empez\u00f3 a salir entonces con Firerose, compa\u00f1era de su hija en Hannah Montana, con quien se cas\u00f3 en octubre de 2023 y se divorci\u00f3 apenas siete meses despu\u00e9s. Cuando Miley Cyrus gan\u00f3 el Grammy por su disco Flowers en octubre de 2024, agradeci\u00f3 a muchas personas cercanas, incluyendo a su hermano, su madre, su pareja y su equipo de trabajo, pero no incluy\u00f3 a su padre. <\/p>\n<p><img alt=\"\" decoding=\"auto\" class=\"_re lazyload a_m-h\" height=\"296\"  width=\"414\"  src=\"https:\/\/www.europesays.com\/es\/wp-content\/uploads\/2026\/09\/JSMRFNPFS5GKNI4WP27JPRFH2Y.jpg\" loading=\"lazy\" fetchpriority=\"low\"\/>Miley Cyrus durante su discurso en la gala de los Grammy de 2024.John Shearer (Getty Images for The Recording Academy)<\/p>\n<p class=\"\">En mayo de 2025, sin embargo, padre e hija se reunieron para celebrar el cumplea\u00f1os de Braison, su hermano. Ese mismo a\u00f1o sali\u00f3 a la luz Secrets, una canci\u00f3n que la cantante describi\u00f3 como \u201cun gesto de paz\u201d por una persona que perdi\u00f3 por un tiempo, pero siempre am\u00f3. \u201cEsta canci\u00f3n es para mi padre\u201d, admiti\u00f3 en el p\u00f3dcast Reclaiming, de Monica Lewinsky. Adem\u00e1s, ambos se reunieron p\u00fablicamente el pasado marzo en el especial para celebrar las dos d\u00e9cadas del estreno de Hannah Montana.<\/p>\n<p class=\"\">Aunque la artista no se ha pronunciado a\u00fan sobre su cambio de nombre, s\u00ed ha revelado que el nuevo \u00e1lbum \u2014disponible a partir del 18 de septiembre\u2014 trata sobre una historia de amor. \u201cNo es un tema unidimensional, pero s\u00ed tiene un hilo rom\u00e1ntico porque, como en varios de mis \u00e1lbumes, se trata de un reflejo de d\u00f3nde me encuentro en la vida\u201d, mencion\u00f3 en una entrevista con la actriz <a href=\"https:\/\/elpais.com\/icon\/2024-09-21\/llevo-oyendo-que-soy-vieja-desde-que-tengo-30-anos-daryl-hannah-la-actriz-que-decidio-predicar-con-el-ejemplo.html\" target=\"_blank\" rel=\"noreferrer nofollow noopener\" title=\"https:\/\/elpais.com\/icon\/2024-09-21\/llevo-oyendo-que-soy-vieja-desde-que-tengo-30-anos-daryl-hannah-la-actriz-que-decidio-predicar-con-el-ejemplo.html\">Daryl Hannah<\/a> para la revista <a href=\"https:\/\/www.wonderlandmagazine.com\/2026\/07\/27\/miley-cyrus-wonderland-summer\/\" target=\"_blank\" rel=\"noreferrer nofollow noopener\" title=\"https:\/\/www.wonderlandmagazine.com\/2026\/07\/27\/miley-cyrus-wonderland-summer\/\">Wonderland<\/a>. La actriz, comprometida con el baterista <a href=\"https:\/\/elpais.com\/gente\/2022-04-18\/miley-cyrus-tiene-nuevo-novio-el-musico-maxx-morando.html\" target=\"_blank\" rel=\"noreferrer nofollow noopener\" title=\"https:\/\/elpais.com\/gente\/2022-04-18\/miley-cyrus-tiene-nuevo-novio-el-musico-maxx-morando.html\">Maxx Morando<\/a>, dijo no haber experimentado nunca una relaci\u00f3n como la que tiene con su pareja actual: \u201cEs un amor pac\u00edfico que he reflejado en mis tres \u00faltimos discos\u201d. De momento, Miley dar\u00e1 dos conciertos en el Hollywood Bowl en Los \u00c1ngeles el 16 y 18 de octubre. <\/p>\n<p><script async src=\"\/\/www.instagram.com\/embed.js\"><\/script><\/p>\n","protected":false},"excerpt":{"rendered":"El cantante de country Billy Ray Cyrus (Kentucky, 65 a\u00f1os) se ha pronunciado este mi\u00e9rcoles 2 de septiembre&hellip;\n","protected":false},"author":2,"featured_media":746263,"comment_status":"","ping_status":"","sticky":false,"template":"","format":"standard","meta":{"footnotes":""},"categories":[174],"tags":[132116,255,146,147,25,24,256,260,75205,1505,17701,2841,185,23],"class_list":["post-746262","post","type-post","status-publish","format-standard","has-post-thumbnail","category-famosos","tag-billy-ray-cyrus","tag-celebrities","tag-entertainment","tag-entretenimiento","tag-es","tag-espana","tag-famosos","tag-gente","tag-hannah-montana","tag-hollywood","tag-lanzamiento-de-disco","tag-miley-cyrus","tag-musica","tag-spain"],"share_on_mastodon":{"url":"https:\/\/pubeurope.com\/@es\/117209448216500416","error":""},"_links":{"self":[{"href":"https:\/\/www.europesays.com\/es\/wp-json\/wp\/v2\/posts\/746262","targetHints":{"allow":["GET"]}}],"collection":[{"href":"https:\/\/www.europesays.com\/es\/wp-json\/wp\/v2\/posts"}],"about":[{"href":"https:\/\/www.europesays.com\/es\/wp-json\/wp\/v2\/types\/post"}],"author":[{"embeddable":true,"href":"https:\/\/www.europesays.com\/es\/wp-json\/wp\/v2\/users\/2"}],"replies":[{"embeddable":true,"href":"https:\/\/www.europesays.com\/es\/wp-json\/wp\/v2\/comments?post=746262"}],"version-history":[{"count":0,"href":"https:\/\/www.europesays.com\/es\/wp-json\/wp\/v2\/posts\/746262\/revisions"}],"wp:featuredmedia":[{"embeddable":true,"href":"https:\/\/www.europesays.com\/es\/wp-json\/wp\/v2\/media\/746263"}],"wp:attachment":[{"href":"https:\/\/www.europesays.com\/es\/wp-json\/wp\/v2\/media?parent=746262"}],"wp:term":[{"taxonomy":"category","embeddable":true,"href":"https:\/\/www.europesays.com\/es\/wp-json\/wp\/v2\/categories?post=746262"},{"taxonomy":"post_tag","embeddable":true,"href":"https:\/\/www.europesays.com\/es\/wp-json\/wp\/v2\/tags?post=746262"}],"curies":[{"name":"wp","href":"https:\/\/api.w.org\/{rel}","templated":true}]}}