{"id":746284,"date":"2026-09-03T22:34:10","date_gmt":"2026-09-03T22:34:10","guid":{"rendered":"https:\/\/www.europesays.com\/es\/746284\/"},"modified":"2026-09-03T22:34:10","modified_gmt":"2026-09-03T22:34:10","slug":"crisis-en-ceuta-el-ministro-marroqui-de-obras-insiste-en-la-reclamacion-de-la-ciudad-autonoma","status":"publish","type":"post","link":"https:\/\/www.europesays.com\/es\/746284\/","title":{"rendered":"Crisis en Ceuta: el ministro marroqu\u00ed de Obras insiste en la reclamaci\u00f3n de la ciudad aut\u00f3noma"},"content":{"rendered":"<p><strong>S\u00e1nchez acude al Congreso con todas las miradas en el papel de Marruecos en Ceuta<\/strong><\/p>\n<p>\u00a0<\/p>\n<p>El presidente del Gobierno, Pedro S\u00e1nchez, informar\u00e1 este jueves en el pleno del Congreso de la gesti\u00f3n del Ejecutivo en la crisis migratoria de Ceuta, en una comparecencia en la que sus socios y la oposici\u00f3n le volver\u00e1n a pedir explicaciones sobre el papel de Marruecos tras el informe policial conocido este mi\u00e9rcoles.<\/p>\n<p>&#13;<br \/>\nEl informe aportado por la Polic\u00eda a la jueza Mar\u00eda Tard\u00f3n describe lo ocurrido en Ceuta los d\u00edas 30 y 31 de julio como una entrada masiva de personas \u00abplanificada\u00bb, en ning\u00fan caso \u00abespont\u00e1nea\u00bb, y sit\u00faa entre sus organizadores y ejecutores a personas vinculadas a las fuerzas de seguridad de Marruecos.<\/p>\n<p>&#13;<br \/>\nSeg\u00fan el informe policial, que centrar\u00e1 buena parte del debate del Congreso, lo ocurrido requiere una planificaci\u00f3n de alto nivel, muy por encima de la capacidad que tienen las mafias, y la inmensa mayor\u00eda de mensajes que se enviaron los d\u00edas previos al 30 de julio procedieron de tel\u00e9fonos marroqu\u00edes, no de otros pa\u00edses.<\/p>\n<p>&#13;<br \/>\nEl director general de la Polic\u00eda, Francisco Pardo, comunic\u00f3 por su parte al ministro del Interior, Fernando Grande-Marlaska, que no existe informe policial alguno que atribuya a las fuerzas de seguridad marroqu\u00edes la planificaci\u00f3n o ejecuci\u00f3n de los sucedido los citados d\u00edas.<\/p>\n","protected":false},"excerpt":{"rendered":"S\u00e1nchez acude al Congreso con todas las miradas en el papel de Marruecos en Ceuta \u00a0 El presidente&hellip;\n","protected":false},"author":2,"featured_media":746285,"comment_status":"","ping_status":"","sticky":false,"template":"","format":"standard","meta":{"footnotes":""},"categories":[8],"tags":[17,18,25,24,13,14,11,19,20,9,10,15,16,23,12,21,22],"class_list":["post-746284","post","type-post","status-publish","format-standard","has-post-thumbnail","category-espana","tag-breaking-news","tag-breakingnews","tag-es","tag-espana","tag-featured-news","tag-featurednews","tag-headlines","tag-latest-news","tag-latestnews","tag-news","tag-noticias","tag-noticias-destacadas","tag-noticiasdestacadas","tag-spain","tag-titulares","tag-ultimas-noticias","tag-ultimasnoticias"],"share_on_mastodon":{"url":"https:\/\/pubeurope.com\/@es\/117209495544253835","error":""},"_links":{"self":[{"href":"https:\/\/www.europesays.com\/es\/wp-json\/wp\/v2\/posts\/746284","targetHints":{"allow":["GET"]}}],"collection":[{"href":"https:\/\/www.europesays.com\/es\/wp-json\/wp\/v2\/posts"}],"about":[{"href":"https:\/\/www.europesays.com\/es\/wp-json\/wp\/v2\/types\/post"}],"author":[{"embeddable":true,"href":"https:\/\/www.europesays.com\/es\/wp-json\/wp\/v2\/users\/2"}],"replies":[{"embeddable":true,"href":"https:\/\/www.europesays.com\/es\/wp-json\/wp\/v2\/comments?post=746284"}],"version-history":[{"count":0,"href":"https:\/\/www.europesays.com\/es\/wp-json\/wp\/v2\/posts\/746284\/revisions"}],"wp:featuredmedia":[{"embeddable":true,"href":"https:\/\/www.europesays.com\/es\/wp-json\/wp\/v2\/media\/746285"}],"wp:attachment":[{"href":"https:\/\/www.europesays.com\/es\/wp-json\/wp\/v2\/media?parent=746284"}],"wp:term":[{"taxonomy":"category","embeddable":true,"href":"https:\/\/www.europesays.com\/es\/wp-json\/wp\/v2\/categories?post=746284"},{"taxonomy":"post_tag","embeddable":true,"href":"https:\/\/www.europesays.com\/es\/wp-json\/wp\/v2\/tags?post=746284"}],"curies":[{"name":"wp","href":"https:\/\/api.w.org\/{rel}","templated":true}]}}