{"id":746294,"date":"2026-09-03T22:44:09","date_gmt":"2026-09-03T22:44:09","guid":{"rendered":"https:\/\/www.europesays.com\/es\/746294\/"},"modified":"2026-09-03T22:44:09","modified_gmt":"2026-09-03T22:44:09","slug":"las-notas-de-mikel-recalde-gafas-en-anoeta-entre-real-sociedad-y-celta","status":"publish","type":"post","link":"https:\/\/www.europesays.com\/es\/746294\/","title":{"rendered":"Las notas de Mikel Recalde: &#8216;gafas&#8217; en Anoeta entre Real Sociedad y Celta"},"content":{"rendered":"<p class=\"h3\">Mikel Recalde<\/p>\n<p>                        Actualizado:<br \/>\n                        03\/09\/2026 23:12<\/p>\n<p>                    <a href=\"https:\/\/www.noticiasdegipuzkoa.eus\/reala\/2026\/09\/03\/notas-mikel-recalde-real-sociedad-rc-celta-11500050.html#foto=1\" class=\"button swiper-button-next\" id=\"swiperButtonNext\" rel=\"nofollow noopener\" target=\"_blank\">Ver galer\u00eda &gt;<\/a><\/p>\n<p class=\"h3\">\n                                            La<strong>\u00a0<\/strong><a href=\"https:\/\/www.noticiasdegipuzkoa.eus\/tags\/reala\/\" title=\"Real Sociedad\" rel=\"nofollow noopener\" target=\"_blank\"><strong>Real Sociedad<\/strong><\/a><strong>\u00a0disputa este jueves <\/strong><a href=\"https:\/\/www.noticiasdegipuzkoa.eus\/reala\/2026\/09\/03\/real-sociedad-rc-celta-cronica-11501947.html\" title=\"ante el RC Celta la cuarta jornada de Liga\" target=\"_blank\" rel=\"nofollow noopener\"><strong>ante el RC Celta la cuarta jornada de Liga<\/strong><\/a><strong>, la segunda consecutiva en casa.\u00a0<\/strong>\u00bfQui\u00e9n ha sido a tu juicio el mejor futbolista en el equipo realista en el choque?\n                                    <\/p>\n<p><a class=\"swiper-imagen\" href=\"https:\/\/www.noticiasdegipuzkoa.eus\/reala\/2026\/09\/03\/notas-mikel-recalde-real-sociedad-rc-celta-11500050.html#foto=3\" rel=\"nofollow noopener\" target=\"_blank\"><\/p>\n<p>                    <img loading=\"lazy\" decoding=\"async\" src=\"data:image\/png;base64,iVBORw0KGgoAAAANSUhEUgAAAAEAAAABCAQAAAC1HAwCAAAAC0lEQVR42mNkYAAAAAYAAjCB0C8AAAAASUVORK5CYII=\" alt=\" \" height=\"675\" width=\"1200\" style=\" max-height: 675px !important; height: calc( 1vw * 56); \"\/><\/p>\n<p><\/a><br \/>\n                    Alex Remiro<\/p>\n<p class=\"swiper-slide__description\">\n                                                                        <strong>5<\/strong> &#8211; No tuvo que intervenir demasiado y no estuvo mal. Buena parada a Aspas.\n                                            <\/p>\n<p><a class=\"swiper-imagen\" href=\"https:\/\/www.noticiasdegipuzkoa.eus\/reala\/2026\/09\/03\/notas-mikel-recalde-real-sociedad-rc-celta-11500050.html#foto=4\" rel=\"nofollow noopener\" target=\"_blank\"><\/p>\n<p>                    <img loading=\"lazy\" decoding=\"async\" src=\"data:image\/png;base64,iVBORw0KGgoAAAANSUhEUgAAAAEAAAABCAQAAAC1HAwCAAAAC0lEQVR42mNkYAAAAAYAAjCB0C8AAAAASUVORK5CYII=\" alt=\" \" height=\"675\" width=\"1200\" style=\" max-height: 675px !important; height: calc( 1vw * 56); \"\/><\/p>\n<p><\/a><br \/>\n                    Jon Martin<\/p>\n<p class=\"swiper-slide__description\">\n                                                                        <strong>5 <\/strong>&#8211; Un error importante y alguna p\u00e9rdida de posici\u00f3n, pero una versi\u00f3n mejorada y m\u00e1s contundente que en anteriores meses.\n                                            <\/p>\n<p><a class=\"swiper-imagen\" href=\"https:\/\/www.noticiasdegipuzkoa.eus\/reala\/2026\/09\/03\/notas-mikel-recalde-real-sociedad-rc-celta-11500050.html#foto=5\" rel=\"nofollow noopener\" target=\"_blank\"><\/p>\n<p>                    <img loading=\"lazy\" decoding=\"async\" src=\"data:image\/png;base64,iVBORw0KGgoAAAANSUhEUgAAAAEAAAABCAQAAAC1HAwCAAAAC0lEQVR42mNkYAAAAAYAAjCB0C8AAAAASUVORK5CYII=\" alt=\" \" height=\"675\" width=\"1200\" style=\" max-height: 675px !important; height: calc( 1vw * 56); \"\/><\/p>\n<p><\/a><br \/>\n                    Igor Zubeldia<\/p>\n<p class=\"swiper-slide__description\">\n                                                                        <strong>6<\/strong> &#8211; Lejos de su mejor nivel, cuando era inexpugnable. Cada vez est\u00e1 mejor. M\u00e1s c\u00f3modo en la derecha. Cerca de marcar con un buen cabezazo.\n                                            <\/p>\n<p><a class=\"swiper-imagen\" href=\"https:\/\/www.noticiasdegipuzkoa.eus\/reala\/2026\/09\/03\/notas-mikel-recalde-real-sociedad-rc-celta-11500050.html#foto=6\" rel=\"nofollow noopener\" target=\"_blank\"><\/p>\n<p>                    <img loading=\"lazy\" decoding=\"async\" src=\"data:image\/png;base64,iVBORw0KGgoAAAANSUhEUgAAAAEAAAABCAQAAAC1HAwCAAAAC0lEQVR42mNkYAAAAAYAAjCB0C8AAAAASUVORK5CYII=\" alt=\" \" height=\"675\" width=\"1200\" style=\" max-height: 675px !important; height: calc( 1vw * 56); \"\/><\/p>\n<p><\/a><br \/>\n                    Sergio G\u00f3mez<\/p>\n<p class=\"swiper-slide__description\">\n                                                                        <strong>6<\/strong> &#8211; El realista m\u00e1s en forma del inicio de la temporada. Parece que se ha pasado el verano entrenando. Menos activo en ataque.\n                                            <\/p>\n<p><a class=\"swiper-imagen\" href=\"https:\/\/www.noticiasdegipuzkoa.eus\/reala\/2026\/09\/03\/notas-mikel-recalde-real-sociedad-rc-celta-11500050.html#foto=7\" rel=\"nofollow noopener\" target=\"_blank\"><\/p>\n<p>                    <img loading=\"lazy\" decoding=\"async\" src=\"data:image\/png;base64,iVBORw0KGgoAAAANSUhEUgAAAAEAAAABCAQAAAC1HAwCAAAAC0lEQVR42mNkYAAAAAYAAjCB0C8AAAAASUVORK5CYII=\" alt=\" \" height=\"675\" width=\"1200\" style=\" max-height: 675px !important; height: calc( 1vw * 56); \"\/><\/p>\n<p><\/a><br \/>\n                    Yangel Herrera<\/p>\n<p class=\"swiper-slide__description\">\n                                                                        <strong>5 <\/strong>&#8211; De 4 le cuesta m\u00e1s, no es su posici\u00f3n. Una tarjeta evitable le condicion\u00f3. Debe mejorar en eso.\n                                            <\/p>\n<p><a class=\"swiper-imagen\" href=\"https:\/\/www.noticiasdegipuzkoa.eus\/reala\/2026\/09\/03\/notas-mikel-recalde-real-sociedad-rc-celta-11500050.html#foto=8\" rel=\"nofollow noopener\" target=\"_blank\"><\/p>\n<p>                    <img loading=\"lazy\" decoding=\"async\" src=\"data:image\/png;base64,iVBORw0KGgoAAAANSUhEUgAAAAEAAAABCAQAAAC1HAwCAAAAC0lEQVR42mNkYAAAAAYAAjCB0C8AAAAASUVORK5CYII=\" alt=\" \" height=\"675\" width=\"1200\" style=\" max-height: 675px !important; height: calc( 1vw * 56); \"\/><\/p>\n<p><\/a><br \/>\n                    Be\u00f1at Turrientes<\/p>\n<p class=\"swiper-slide__description\">\n                                                                        <strong>6 <\/strong>&#8211; Con poco espacio para crear y conducir. No estuvo mal. Activo y protagonista. Incluso busc\u00f3 el remate a puerta.\n                                            <\/p>\n<p><a class=\"swiper-imagen\" href=\"https:\/\/www.noticiasdegipuzkoa.eus\/reala\/2026\/09\/03\/notas-mikel-recalde-real-sociedad-rc-celta-11500050.html#foto=9\" rel=\"nofollow noopener\" target=\"_blank\"><\/p>\n<p>                    <img loading=\"lazy\" decoding=\"async\" src=\"data:image\/png;base64,iVBORw0KGgoAAAANSUhEUgAAAAEAAAABCAQAAAC1HAwCAAAAC0lEQVR42mNkYAAAAAYAAjCB0C8AAAAASUVORK5CYII=\" alt=\" \" height=\"675\" width=\"1200\" style=\" max-height: 675px !important; height: calc( 1vw * 56); \"\/><\/p>\n<p><\/a><br \/>\n                    Takefusa Kubo<\/p>\n<p class=\"swiper-slide__description\">\n                                                                        <strong>4<\/strong> &#8211; Una l\u00e1stima que fallara ese gol a puerta vac\u00eda. Te puede pasar. Pero \u00e9l necesitaba una alegr\u00eda de ese tipo. No es el extremo descarado y desequilibrante que conocemos, aunque lo intentara. Fue el primer cambio junto a Yangel Herrera.\n                                            <\/p>\n<p><a class=\"swiper-imagen\" href=\"https:\/\/www.noticiasdegipuzkoa.eus\/reala\/2026\/09\/03\/notas-mikel-recalde-real-sociedad-rc-celta-11500050.html#foto=10\" rel=\"nofollow noopener\" target=\"_blank\"><\/p>\n<p>                    <img loading=\"lazy\" decoding=\"async\" src=\"data:image\/png;base64,iVBORw0KGgoAAAANSUhEUgAAAAEAAAABCAQAAAC1HAwCAAAAC0lEQVR42mNkYAAAAAYAAjCB0C8AAAAASUVORK5CYII=\" alt=\" \" height=\"675\" width=\"1200\" style=\" max-height: 675px !important; height: calc( 1vw * 56); \"\/><\/p>\n<p><\/a><br \/>\n                    Mikel Oyarzabal<\/p>\n<p class=\"swiper-slide__description\">\n                                                                        <strong>5 <\/strong>&#8211; Le cost\u00f3 encontrar espacios y entrar en juego. En la segunda mitad estuvo mejor. Gran disparo que sac\u00f3 Radu.\n                                            <\/p>\n<p><a class=\"swiper-imagen\" href=\"https:\/\/www.noticiasdegipuzkoa.eus\/reala\/2026\/09\/03\/notas-mikel-recalde-real-sociedad-rc-celta-11500050.html#foto=11\" rel=\"nofollow noopener\" target=\"_blank\"><\/p>\n<p>                    <img loading=\"lazy\" decoding=\"async\" src=\"data:image\/png;base64,iVBORw0KGgoAAAANSUhEUgAAAAEAAAABCAQAAAC1HAwCAAAAC0lEQVR42mNkYAAAAAYAAjCB0C8AAAAASUVORK5CYII=\" alt=\" \" height=\"675\" width=\"1200\" style=\" max-height: 675px !important; height: calc( 1vw * 56); \"\/><\/p>\n<p><\/a><br \/>\n                    Ander Barrenetxea<\/p>\n<p class=\"swiper-slide__description\">\n                                                                        <strong>5 <\/strong>&#8211; Est\u00e1 al l\u00edmite, pero su entrenador sigue insistiendo y \u00e9l se atreve con todo. Esta vez no estuvo tan fino.\n                                            <\/p>\n<p><a class=\"swiper-imagen\" href=\"https:\/\/www.noticiasdegipuzkoa.eus\/reala\/2026\/09\/03\/notas-mikel-recalde-real-sociedad-rc-celta-11500050.html#foto=12\" rel=\"nofollow noopener\" target=\"_blank\"><\/p>\n<p>                    <img loading=\"lazy\" decoding=\"async\" src=\"data:image\/png;base64,iVBORw0KGgoAAAANSUhEUgAAAAEAAAABCAQAAAC1HAwCAAAAC0lEQVR42mNkYAAAAAYAAjCB0C8AAAAASUVORK5CYII=\" alt=\" \" height=\"675\" width=\"1200\" style=\" max-height: 675px !important; height: calc( 1vw * 56); \"\/><\/p>\n<p><\/a><br \/>\n                    Orri \u00d3skarsson<\/p>\n<p class=\"swiper-slide__description\">\n                                                                        <strong>6<\/strong> &#8211; Buen partido del island\u00e9s en un escenario muy complicado. Entrando mucho en juego, peleando y generando peligro.\n                                            <\/p>\n<p><a class=\"swiper-imagen\" href=\"https:\/\/www.noticiasdegipuzkoa.eus\/reala\/2026\/09\/03\/notas-mikel-recalde-real-sociedad-rc-celta-11500050.html#foto=13\" rel=\"nofollow noopener\" target=\"_blank\"><\/p>\n<p>                    <img loading=\"lazy\" decoding=\"async\" src=\"data:image\/png;base64,iVBORw0KGgoAAAANSUhEUgAAAAEAAAABCAQAAAC1HAwCAAAAC0lEQVR42mNkYAAAAAYAAjCB0C8AAAAASUVORK5CYII=\" alt=\" \" height=\"675\" width=\"1200\" style=\" max-height: 675px !important; height: calc( 1vw * 56); \"\/><\/p>\n<p><\/a><br \/>\n                    Jon Gorrotxategi<\/p>\n<p class=\"swiper-slide__description\">\n                                                                        &#8211; Se le echa mucho de menos. La Real le necesita para organizarse. Poco a poco, a\u00fan le falta.\n                                            <\/p>\n<p><a class=\"swiper-imagen\" href=\"https:\/\/www.noticiasdegipuzkoa.eus\/reala\/2026\/09\/03\/notas-mikel-recalde-real-sociedad-rc-celta-11500050.html#foto=14\" rel=\"nofollow noopener\" target=\"_blank\"><\/p>\n<p>                    <img loading=\"lazy\" decoding=\"async\" src=\"data:image\/png;base64,iVBORw0KGgoAAAANSUhEUgAAAAEAAAABCAQAAAC1HAwCAAAAC0lEQVR42mNkYAAAAAYAAjCB0C8AAAAASUVORK5CYII=\" alt=\" \" height=\"675\" width=\"1200\" style=\" max-height: 675px !important; height: calc( 1vw * 56); \"\/><\/p>\n<p><\/a><br \/>\n                    Luka Su\u010di\u0107<\/p>\n<p class=\"swiper-slide__description\">\n                                                                        &#8211; Se not\u00f3 su entrada Pidi\u00f3 el bal\u00f3n. Le falt\u00f3 presencia en los \u00faltimos metros.\n                                            <\/p>\n<p><a class=\"swiper-imagen\" href=\"https:\/\/www.noticiasdegipuzkoa.eus\/reala\/2026\/09\/03\/notas-mikel-recalde-real-sociedad-rc-celta-11500050.html#foto=15\" rel=\"nofollow noopener\" target=\"_blank\"><\/p>\n<p>                    <img loading=\"lazy\" decoding=\"async\" src=\"data:image\/png;base64,iVBORw0KGgoAAAANSUhEUgAAAAEAAAABCAQAAAC1HAwCAAAAC0lEQVR42mNkYAAAAAYAAjCB0C8AAAAASUVORK5CYII=\" alt=\" \" height=\"675\" width=\"1200\" style=\" max-height: 675px !important; height: calc( 1vw * 56); \"\/><\/p>\n<p><\/a><br \/>\n                    Gon\u00e7alo Guedes<\/p>\n<p class=\"swiper-slide__description\">\n                                                                        &#8211; Es diferencial. Le hacen penalti, pero\u2026 Casi anota en ese disparo.\n                                            <\/p>\n<p><a class=\"swiper-imagen\" href=\"https:\/\/www.noticiasdegipuzkoa.eus\/reala\/2026\/09\/03\/notas-mikel-recalde-real-sociedad-rc-celta-11500050.html#foto=16\" rel=\"nofollow noopener\" target=\"_blank\"><\/p>\n<p>                    <img loading=\"lazy\" decoding=\"async\" src=\"data:image\/png;base64,iVBORw0KGgoAAAANSUhEUgAAAAEAAAABCAQAAAC1HAwCAAAAC0lEQVR42mNkYAAAAAYAAjCB0C8AAAAASUVORK5CYII=\" alt=\" \" height=\"675\" width=\"1200\" style=\" max-height: 675px !important; height: calc( 1vw * 56); \"\/><\/p>\n<p><\/a><br \/>\n                    \u00c1lex Marchal<\/p>\n<p class=\"swiper-slide__description\">\n                                                                        &#8211; Lo intent\u00f3 sin mucho \u00e9xito esta vez.\n                                            <\/p>\n<p><a class=\"swiper-imagen\" href=\"https:\/\/www.noticiasdegipuzkoa.eus\/reala\/2026\/09\/03\/notas-mikel-recalde-real-sociedad-rc-celta-11500050.html#foto=17\" rel=\"nofollow noopener\" target=\"_blank\"><\/p>\n<p>                    <img loading=\"lazy\" decoding=\"async\" src=\"data:image\/png;base64,iVBORw0KGgoAAAANSUhEUgAAAAEAAAABCAQAAAC1HAwCAAAAC0lEQVR42mNkYAAAAAYAAjCB0C8AAAAASUVORK5CYII=\" alt=\" \" height=\"675\" width=\"1200\" style=\" max-height: 675px !important; height: calc( 1vw * 56); \"\/><\/p>\n<p><\/a><br \/>\n                    Carlos Soler<\/p>\n<p class=\"swiper-slide__description\">\n                                                                        &#8211; Sali\u00f3 al final, casi sin tiempo.\n                                            <\/p>\n<p><a class=\"swiper-imagen\" href=\"https:\/\/www.noticiasdegipuzkoa.eus\/reala\/2026\/09\/03\/notas-mikel-recalde-real-sociedad-rc-celta-11500050.html#foto=18\" rel=\"nofollow noopener\" target=\"_blank\"><\/p>\n<p>                    <img loading=\"lazy\" decoding=\"async\" src=\"data:image\/png;base64,iVBORw0KGgoAAAANSUhEUgAAAAEAAAABCAQAAAC1HAwCAAAAC0lEQVR42mNkYAAAAAYAAjCB0C8AAAAASUVORK5CYII=\" alt=\" \" height=\"675\" width=\"1200\" style=\" max-height: 675px !important; height: calc( 1vw * 56); \"\/><\/p>\n<p><\/a><br \/>\n                    Pellegrino Matarazzo<\/p>\n<p class=\"swiper-slide__description\">\n                                                                        <strong>6 <\/strong>&#8211; Sentado en una cabina de prensa, no encontr\u00f3 esta vez soluciones para sumar una victoria que mereci\u00f3 por ocasiones y superioridad. Le falt\u00f3 Carrera al final&#8230;\u00a0\n                                            <\/p>\n<p><a class=\"swiper-imagen\" href=\"https:\/\/www.noticiasdegipuzkoa.eus\/reala\/2026\/09\/03\/notas-mikel-recalde-real-sociedad-rc-celta-11500050.html#foto=19\" rel=\"nofollow noopener\" target=\"_blank\"><\/p>\n<p>                    <img loading=\"lazy\" decoding=\"async\" src=\"data:image\/png;base64,iVBORw0KGgoAAAANSUhEUgAAAAEAAAABCAQAAAC1HAwCAAAAC0lEQVR42mNkYAAAAAYAAjCB0C8AAAAASUVORK5CYII=\" alt=\" \" height=\"675\" width=\"1200\" style=\" max-height: 675px !important; height: calc( 1vw * 56); \"\/><\/p>\n<p><\/a><br \/>\n                    Claudio Gir\u00e1ldez<\/p>\n<p class=\"swiper-slide__description\">\n                                                                        <strong>6 <\/strong>&#8211; El Celta aguant\u00f3 en la primera parte para sacar los dientes tras el descanso. Un buen equipo bien trabajado, dif\u00edcil de superar.\n                                            <\/p>\n<p><a class=\"swiper-imagen\" href=\"https:\/\/www.noticiasdegipuzkoa.eus\/reala\/2026\/09\/03\/notas-mikel-recalde-real-sociedad-rc-celta-11500050.html#foto=20\" rel=\"nofollow noopener\" target=\"_blank\"><\/p>\n<p>                    <img loading=\"lazy\" decoding=\"async\" src=\"data:image\/png;base64,iVBORw0KGgoAAAANSUhEUgAAAAEAAAABCAQAAAC1HAwCAAAAC0lEQVR42mNkYAAAAAYAAjCB0C8AAAAASUVORK5CYII=\" alt=\" \" height=\"675\" width=\"1200\" style=\" max-height: 675px !important; height: calc( 1vw * 56); \"\/><\/p>\n<p><\/a><br \/>\n                    El \u00e1rbitro: Garc\u00eda Verdura<\/p>\n<p class=\"swiper-slide__description\">\n                                                                        <strong>2 <\/strong>&#8211; De la escuela Mateu. No pit\u00f3 casi nada. No puede ser que mire tantas veces para otro lado y no castigue la reiteraci\u00f3n de faltas. El penalti de Guedes lo pita en todos los campos de los grandes.\n                                            <\/p>\n<p><a class=\"swiper-imagen\" href=\"https:\/\/www.noticiasdegipuzkoa.eus\/reala\/2026\/09\/03\/notas-mikel-recalde-real-sociedad-rc-celta-11500050.html\" rel=\"nofollow noopener\" target=\"_blank\"><\/p>\n<p>                    <img loading=\"lazy\" decoding=\"async\" src=\"data:image\/png;base64,iVBORw0KGgoAAAANSUhEUgAAAAEAAAABCAQAAAC1HAwCAAAAC0lEQVR42mNkYAAAAAYAAjCB0C8AAAAASUVORK5CYII=\" alt=\" \" height=\"675\" width=\"1200\" style=\" max-height: 675px !important; height: calc( 1vw * 56); \"\/><\/p>\n<p><\/a><br \/>\n                    El mejor: Jon Mikel Aramburu<\/p>\n<p class=\"swiper-slide__description\">\n                                                                        <strong>7 <\/strong>&#8211; Un gladiador. Se pega con todos. Un animal. Bien en defensa y atrevido en ataque. Se las lleva todas. Gran centro a Jon Mart\u00edn. Y eso que atacaron mucho por su banda. Una pena sus dos intentos de disparo finales.\n                                            <\/p>\n","protected":false},"excerpt":{"rendered":"Mikel Recalde Actualizado: 03\/09\/2026 23:12 Ver galer\u00eda &gt; La\u00a0Real Sociedad\u00a0disputa este jueves ante el RC Celta la cuarta&hellip;\n","protected":false},"author":2,"featured_media":746295,"comment_status":"","ping_status":"","sticky":false,"template":"","format":"standard","meta":{"footnotes":""},"categories":[268],"tags":[290,168,25,24,280,282,132478,131202,798,281,492,23,167],"class_list":["post-746294","post","type-post","status-publish","format-standard","has-post-thumbnail","category-futbol","tag-celta","tag-deportes","tag-es","tag-espana","tag-football","tag-futbol","tag-notas-mikel-recalde","tag-rc","tag-real","tag-soccer","tag-sociedad","tag-spain","tag-sports"],"share_on_mastodon":{"url":"https:\/\/pubeurope.com\/@es\/117209534766696416","error":""},"_links":{"self":[{"href":"https:\/\/www.europesays.com\/es\/wp-json\/wp\/v2\/posts\/746294","targetHints":{"allow":["GET"]}}],"collection":[{"href":"https:\/\/www.europesays.com\/es\/wp-json\/wp\/v2\/posts"}],"about":[{"href":"https:\/\/www.europesays.com\/es\/wp-json\/wp\/v2\/types\/post"}],"author":[{"embeddable":true,"href":"https:\/\/www.europesays.com\/es\/wp-json\/wp\/v2\/users\/2"}],"replies":[{"embeddable":true,"href":"https:\/\/www.europesays.com\/es\/wp-json\/wp\/v2\/comments?post=746294"}],"version-history":[{"count":0,"href":"https:\/\/www.europesays.com\/es\/wp-json\/wp\/v2\/posts\/746294\/revisions"}],"wp:featuredmedia":[{"embeddable":true,"href":"https:\/\/www.europesays.com\/es\/wp-json\/wp\/v2\/media\/746295"}],"wp:attachment":[{"href":"https:\/\/www.europesays.com\/es\/wp-json\/wp\/v2\/media?parent=746294"}],"wp:term":[{"taxonomy":"category","embeddable":true,"href":"https:\/\/www.europesays.com\/es\/wp-json\/wp\/v2\/categories?post=746294"},{"taxonomy":"post_tag","embeddable":true,"href":"https:\/\/www.europesays.com\/es\/wp-json\/wp\/v2\/tags?post=746294"}],"curies":[{"name":"wp","href":"https:\/\/api.w.org\/{rel}","templated":true}]}}