{"id":746300,"date":"2026-09-03T22:48:27","date_gmt":"2026-09-03T22:48:27","guid":{"rendered":"https:\/\/www.europesays.com\/es\/746300\/"},"modified":"2026-09-03T22:48:27","modified_gmt":"2026-09-03T22:48:27","slug":"reina-roja-confirma-la-fecha-de-su-temporada-2-y-lanza-un-trailer-con-victoria-luengo-y-hovik-keuchkerian","status":"publish","type":"post","link":"https:\/\/www.europesays.com\/es\/746300\/","title":{"rendered":"&#8216;Reina Roja&#8217; confirma la fecha de su temporada 2 y lanza un tr\u00e1iler con Victoria Luengo y Hovik Keuchkerian"},"content":{"rendered":"<p class=\"c-paragraph\">A la espera del estreno de la<b> segunda temporada <\/b>de <b><a href=\"https:\/\/www.20minutos.es\/cinemania\/series\/reina-roja-asi-se-forjo-fenomeno-literario-espanol-que-ha-inspirado-nueva-serie-prime-video-5222450\/\" rel=\"nofollow noopener\" target=\"_blank\">Reina Roja<\/a><\/b><b>,<\/b> <b>Prime Video <\/b>ya\u00a0ha anunciado que la tercera ha terminado su rodaje. La <b>trilog\u00eda literaria de Juan G\u00f3mez-Jurado\u00a0<\/b>se encamina as\u00ed hacia su adaptaci\u00f3n completa en la plataforma, despu\u00e9s de que los primeros episodios arrasaran en su estreno en 2024.<\/p>\n<p class=\"c-paragraph\">Aunque hemos tenido que esperar dos a\u00f1os a que la serie regresara, la adaptaci\u00f3n de <b>Loba Negra<\/b>, la segunda novela de este universo, llegar\u00e1 el pr\u00f3ximo <b>2 de octubre <\/b>a la plataforma. Sus <b>seis episodios,<\/b> uno menos que la primera temporada, recuperan la figura de Antonia Scott (<b>Victoria Luengo<\/b>), la mujer m\u00e1s inteligente del mundo, y Jon Guti\u00e9rrez (<b>Hovik Keuchkerian<\/b>), su fiel escudero.<\/p>\n<p class=\"c-paragraph\">En esta ocasi\u00f3n, ambos tendr\u00e1n que enfrentarse a un nuevo caso que los trasladar\u00e1 a <b>Marbella<\/b>, donde la <b>mujer de un narcotraficante, interpretada por\u00a0Adriana Torrebejano, ha desaparecido.<\/b> All\u00ed descubrir\u00e1n una investigaci\u00f3n mucho m\u00e1s compleja, en la que se entremezclar\u00e1n el tr\u00e1fico humano y una asesina letal, que tambi\u00e9n pondr\u00e1 en peligro la organizaci\u00f3n europea Reina Roja.\u00a0<\/p>\n<p class=\"c-paragraph\">La segunda temporada de Reina Roja tambi\u00e9n promete seguir d\u00e1ndonos claves sobre<b> el misterioso personaje de Mr. White<\/b>, responsable de algunas de las mayores tragedias en la vida de Antonia Scott.<\/p>\n<p class=\"c-paragraph\">G\u00f3mez-Jurado, autor de este universo, se pronunciaba sobre este estreno y compart\u00eda en sus redes sociales un <b>nuevo tr\u00e1iler.<\/b> \u00abM\u00e1s grande, m\u00e1s veloz y con m\u00e1s monos. La segunda temporada de Reina Roja: Loba Negra ya tiene fecha de estreno, y <b>yo estoy mordi\u00e9ndome las u\u00f1as porque necesito que la veas ya<\/b>\u00ab, se\u00f1alaba en su cuenta de X, anteriormente conocida como Twitter.<\/p>\n<p class=\"c-paragraph\">M\u00e1s all\u00e1 de los actores mencionados, la serie creada por Amaya Muruz\u00e1bal y Salvador Perpi\u00f1\u00e1, dirigida por Koldo Serra, suma a su reparto a actores como<b> Silvia Abascal <\/b>(La dama boba) o <b>F\u00e9odor Atkine<\/b> (Pauline\u00a0en la playa), entre algunos de sus nuevos int\u00e9rpretes. Regresan tambi\u00e9n\u00a0<b>\u00c0lex Brendem\u00fchl<\/b>, como Mentor; <b>Vicenta\u00a0N&#8217;Dongo<\/b>, como la doctora Aguado; y<b> Fernando Guallar<\/b>, como Tom\u00e1s.\u00a0\u00a0<\/p>\n<p class=\"c-paragraph\">Esta nueva temporada se suma a <b><a href=\"https:\/\/www.20minutos.es\/cinemania\/series\/cicatriz-serie-precuela-reina-roja-fecha-estreno-trailer-donde-ver-reparto-5229458\/\" target=\"_blank\" rel=\"nofollow noopener\">Cicatriz<\/a><\/b>,\u00a0la precuela escrita por G\u00f3mez-Jurado cuya adaptaci\u00f3n televisiva se estren\u00f3 en RTVE en 2024. Adem\u00e1s, Prime Video tambi\u00e9n anunciaba la adaptaci\u00f3n cinematogr\u00e1fica de <b><a href=\"https:\/\/www.20minutos.es\/cinemania\/series\/adios-reina-roja-hola-todo-arde-prime-video-juan-gomez-jurado_7010326_0.html\" rel=\"nofollow noopener\" target=\"_blank\">Todo arde<\/a><\/b>, la trilog\u00eda cuyo universo se cruza con el de Reina Roja, con una pel\u00edcula que llegar\u00e1 en 2027.<\/p>\n","protected":false},"excerpt":{"rendered":"A la espera del estreno de la segunda temporada de Reina Roja, Prime Video ya\u00a0ha anunciado que la&hellip;\n","protected":false},"author":2,"featured_media":746301,"comment_status":"","ping_status":"","sticky":false,"template":"","format":"standard","meta":{"footnotes":""},"categories":[171],"tags":[146,147,25,24,29696,99610,115905,13086,81589,23,214,91331],"class_list":["post-746300","post","type-post","status-publish","format-standard","has-post-thumbnail","category-tv","tag-entertainment","tag-entretenimiento","tag-es","tag-espana","tag-hovik-keuchkerian","tag-juan-gomez-jurado","tag-loba-negra","tag-prime-video","tag-reina-roja","tag-spain","tag-tv","tag-victoria-luengo"],"share_on_mastodon":{"url":"https:\/\/pubeurope.com\/@es\/117209550680440010","error":""},"_links":{"self":[{"href":"https:\/\/www.europesays.com\/es\/wp-json\/wp\/v2\/posts\/746300","targetHints":{"allow":["GET"]}}],"collection":[{"href":"https:\/\/www.europesays.com\/es\/wp-json\/wp\/v2\/posts"}],"about":[{"href":"https:\/\/www.europesays.com\/es\/wp-json\/wp\/v2\/types\/post"}],"author":[{"embeddable":true,"href":"https:\/\/www.europesays.com\/es\/wp-json\/wp\/v2\/users\/2"}],"replies":[{"embeddable":true,"href":"https:\/\/www.europesays.com\/es\/wp-json\/wp\/v2\/comments?post=746300"}],"version-history":[{"count":0,"href":"https:\/\/www.europesays.com\/es\/wp-json\/wp\/v2\/posts\/746300\/revisions"}],"wp:featuredmedia":[{"embeddable":true,"href":"https:\/\/www.europesays.com\/es\/wp-json\/wp\/v2\/media\/746301"}],"wp:attachment":[{"href":"https:\/\/www.europesays.com\/es\/wp-json\/wp\/v2\/media?parent=746300"}],"wp:term":[{"taxonomy":"category","embeddable":true,"href":"https:\/\/www.europesays.com\/es\/wp-json\/wp\/v2\/categories?post=746300"},{"taxonomy":"post_tag","embeddable":true,"href":"https:\/\/www.europesays.com\/es\/wp-json\/wp\/v2\/tags?post=746300"}],"curies":[{"name":"wp","href":"https:\/\/api.w.org\/{rel}","templated":true}]}}