{"id":746302,"date":"2026-09-03T22:49:17","date_gmt":"2026-09-03T22:49:17","guid":{"rendered":"https:\/\/www.europesays.com\/es\/746302\/"},"modified":"2026-09-03T22:49:17","modified_gmt":"2026-09-03T22:49:17","slug":"manuel-carrasco-deslumbra-en-los-premios-juventud-2026-al-cantar-buchito-y-oh-si-pudiera","status":"publish","type":"post","link":"https:\/\/www.europesays.com\/es\/746302\/","title":{"rendered":"Manuel Carrasco deslumbra en los Premios Juventud 2026 al cantar &#8216;Buchito&#8217; y &#8216;Oh Si Pudiera&#8217;"},"content":{"rendered":"<p>Los <a title=\"Premios Juventud\" href=\"https:\/\/www.europafm.com\/noticias\/musica\/premios-juventud-llegan-marbella-espana-como-gran-protagonista_202609026a983aad4941316b1e7509fe.html\" target=\"_blank\" rel=\"nofollow noopener\">Premios Juventud<\/a> han sido una gran fiesta por la m\u00fasica, porque adem\u00e1s de su habitual entrega de premios, el evento ha estado repleto de<b> actuaciones musicales de lo m\u00e1s variadas<\/b>.<\/p>\n<p>Entre ellas se ha colado la de <a title=\"Manuel Carrasco\" href=\"https:\/\/www.europafm.com\/noticias\/famosos\/manuel-carrasco-responde-criticas-vestuario-dicen-que-asi-parezco-maricon_202606286a40e786c7a2892f04a63ec8.html\" target=\"_blank\" rel=\"nofollow noopener\"><b>Manuel Carrasco<\/b><\/a>, que desde Marbella ha demostrado su talento andaluz en directo al son de varios de sus temas m\u00e1s recientes: <b>Buchito y Oh Si Pudiera han hipnotizado<\/b> a todos los presentes en el Starlite de Marbella.<\/p>\n<p>El onubense ha debutado as\u00ed a lo grande en los Premios Juventud, y lo ha hecho acompa\u00f1ado en el escenario <b>con grandes m\u00fasicos<\/b> a las maracas, la bater\u00eda, los bong\u00f3s, el teclado y las guitarras.<\/p>\n<p><b>De un lado para el otro del escenario<\/b> y sin perder su gran sonrisa, Carrasco se ha hecho con la tarima y ha trasmitido un cachito del talento que hay en Andaluc\u00eda.<\/p>\n","protected":false},"excerpt":{"rendered":"Los Premios Juventud han sido una gran fiesta por la m\u00fasica, porque adem\u00e1s de su habitual entrega de&hellip;\n","protected":false},"author":2,"featured_media":746303,"comment_status":"","ping_status":"","sticky":false,"template":"","format":"standard","meta":{"footnotes":""},"categories":[170],"tags":[146,147,25,24,13988,184,185,33635,23],"class_list":["post-746302","post","type-post","status-publish","format-standard","has-post-thumbnail","category-musica","tag-entertainment","tag-entretenimiento","tag-es","tag-espana","tag-manuel-carrasco","tag-music","tag-musica","tag-premios-juventud","tag-spain"],"share_on_mastodon":{"url":"https:\/\/pubeurope.com\/@es\/117209554765525263","error":""},"_links":{"self":[{"href":"https:\/\/www.europesays.com\/es\/wp-json\/wp\/v2\/posts\/746302","targetHints":{"allow":["GET"]}}],"collection":[{"href":"https:\/\/www.europesays.com\/es\/wp-json\/wp\/v2\/posts"}],"about":[{"href":"https:\/\/www.europesays.com\/es\/wp-json\/wp\/v2\/types\/post"}],"author":[{"embeddable":true,"href":"https:\/\/www.europesays.com\/es\/wp-json\/wp\/v2\/users\/2"}],"replies":[{"embeddable":true,"href":"https:\/\/www.europesays.com\/es\/wp-json\/wp\/v2\/comments?post=746302"}],"version-history":[{"count":0,"href":"https:\/\/www.europesays.com\/es\/wp-json\/wp\/v2\/posts\/746302\/revisions"}],"wp:featuredmedia":[{"embeddable":true,"href":"https:\/\/www.europesays.com\/es\/wp-json\/wp\/v2\/media\/746303"}],"wp:attachment":[{"href":"https:\/\/www.europesays.com\/es\/wp-json\/wp\/v2\/media?parent=746302"}],"wp:term":[{"taxonomy":"category","embeddable":true,"href":"https:\/\/www.europesays.com\/es\/wp-json\/wp\/v2\/categories?post=746302"},{"taxonomy":"post_tag","embeddable":true,"href":"https:\/\/www.europesays.com\/es\/wp-json\/wp\/v2\/tags?post=746302"}],"curies":[{"name":"wp","href":"https:\/\/api.w.org\/{rel}","templated":true}]}}