{"id":746306,"date":"2026-09-03T22:51:14","date_gmt":"2026-09-03T22:51:14","guid":{"rendered":"https:\/\/www.europesays.com\/es\/746306\/"},"modified":"2026-09-03T22:51:14","modified_gmt":"2026-09-03T22:51:14","slug":"laporte-el-otro-caso-julian-del-mercado-del-barca","status":"publish","type":"post","link":"https:\/\/www.europesays.com\/es\/746306\/","title":{"rendered":"Laporte, el otro &#8216;caso Juli\u00e1n&#8217; del mercado del Bar\u00e7a"},"content":{"rendered":"<p class=\"ft-text\">El <strong>FC Barcelona <\/strong>cerr\u00f3 un mercado de fichajes con muchos movimientos. <strong>Deco <\/strong>le dio a <strong>Flick <\/strong>muchas alternativas en la plantilla \u2014sobre todo en ataque\u2014, pero algunos aficionados azulgranas creen que falt\u00f3 reforzar la l\u00ednea defensiva. En esa parcela<strong> solo lleg\u00f3 Joao Cancelo tras rescindir contrato con el Al Hilal,<\/strong> pero no el ansiado central zurdo para acompa\u00f1ar a Cubars\u00ed.<\/p>\n<p class=\"ft-text\">Desde entonces, <strong>Gerard Mart\u00edn <\/strong>sigue siendo el gran compa\u00f1ero del campe\u00f3n del mundo, compartiendo la posici\u00f3n con <strong>Andreas Christensen<\/strong>. Eso s\u00ed, la irrupci\u00f3n de <strong>Xavi Espart <\/strong>en el primer equipo puede conseguir liberar a Jules Kounde o Eric Garcia, para que uno de los dos \u2014preferiblemente el franc\u00e9s para Flick\u2014 pase a la zona central de la defensa.<\/p>\n<p class=\"ft-text\">Sonaron muchos nombres para reforzar los centrales este mercado. <strong>El primer gran nombre fue Bastoni y el \u00faltimo Ruud Nijstad del Twente<\/strong>, pero finalmente no se termin\u00f3 dando ninguna incorporaci\u00f3n. Seguramente, uno de los movimientos que ilusion\u00f3 m\u00e1s al barcelonismo fue el de unir a <strong>Cubars\u00ed <\/strong>con su compa\u00f1ero de zaga en el Mundial: <strong>Aymeric Laporte<\/strong>.<\/p>\n<p>Laporte estaba interesado en el Bar\u00e7a<\/p>\n<p class=\"ft-text\">El Bar\u00e7a lleg\u00f3 a tantear la posibilidad de incorporar a Laporte. De hecho, &#8216;The Athletic&#8217; cuenta que<strong> el jugador est\u00e1 interesado en unirse al conjunto cul\u00e9, pero finalmente no se pudo dar por la negativa del Athletic Club a vender.<\/strong> A los azulgranas les lleg\u00f3 la informaci\u00f3n de que el internacional espa\u00f1ol estar\u00eda disponible por<strong> unos 15 millones de euros<\/strong>, pero cuando empezaron a explorar la operaci\u00f3n, descubrieron que el Athletic no estaba dispuesto.<\/p>\n<p><img decoding=\"async\" src=\"https:\/\/www.europesays.com\/es\/wp-content\/uploads\/2026\/09\/ffb38353-4021-4fb7-8ba9-c2484049af05_alta-libre-aspect-ratio_default_0_x640y283.jpg\" width=\"1200\" height=\"798\" alt=\"Lamine Yamal con Laporte\" class=\"ft-helper-img-rd\" loading=\"lazy\" fetchpriority=\"auto\"\/><\/p>\n<p class=\"ft-helper-fontColor-quaternary ft-helper-fontSize-body-S ft-helper-spacer-t-xxs\">Lamine Yamal con Laporte  \/ Valent\u00ed Enrich<\/p>\n<p class=\"ft-text\">Laporte ve\u00eda con buenos ojos su llegada a Barcelona tras un gran Mundial, pero las negociaciones con el Athletic pr\u00e1cticamente ni empezaron. C<strong>uando el Bar\u00e7a comprendi\u00f3 las condiciones reales del traspaso, desistieron de la operaci\u00f3n.<\/strong><\/p>\n<p class=\"ft-text\">Tras la no llegada de Laporte y las salidas de Araujo y \u00c1lvaro Cort\u00e9s, parec\u00eda que el Bar\u00e7a estaba en condiciones de firmar un central<strong>. Nijstad era el principal objetivo, pero el Twente no acept\u00f3 la oferta que le propuso el conjunto azulgrana por una de sus grandes perlas<\/strong>. A pesar de todo, el Bar\u00e7a podr\u00eda volver a la carga por un central en el mercado de invierno, ya que cuenta con el &#8216;Fair Play&#8217; necesario para acometer la operaci\u00f3n.<\/p>\n","protected":false},"excerpt":{"rendered":"El FC Barcelona cerr\u00f3 un mercado de fichajes con muchos movimientos. Deco le dio a Flick muchas alternativas&hellip;\n","protected":false},"author":2,"featured_media":746307,"comment_status":"","ping_status":"","sticky":false,"template":"","format":"standard","meta":{"footnotes":""},"categories":[93],"tags":[2204,2296,6985,168,25,24,16401,2179,1239,23,167],"class_list":["post-746306","post","type-post","status-publish","format-standard","has-post-thumbnail","category-deportes","tag-aymeric-laporte","tag-barca","tag-caso","tag-deportes","tag-es","tag-espana","tag-julian","tag-laporte","tag-mercado","tag-spain","tag-sports"],"share_on_mastodon":{"url":"https:\/\/pubeurope.com\/@es\/117209562741960512","error":""},"_links":{"self":[{"href":"https:\/\/www.europesays.com\/es\/wp-json\/wp\/v2\/posts\/746306","targetHints":{"allow":["GET"]}}],"collection":[{"href":"https:\/\/www.europesays.com\/es\/wp-json\/wp\/v2\/posts"}],"about":[{"href":"https:\/\/www.europesays.com\/es\/wp-json\/wp\/v2\/types\/post"}],"author":[{"embeddable":true,"href":"https:\/\/www.europesays.com\/es\/wp-json\/wp\/v2\/users\/2"}],"replies":[{"embeddable":true,"href":"https:\/\/www.europesays.com\/es\/wp-json\/wp\/v2\/comments?post=746306"}],"version-history":[{"count":0,"href":"https:\/\/www.europesays.com\/es\/wp-json\/wp\/v2\/posts\/746306\/revisions"}],"wp:featuredmedia":[{"embeddable":true,"href":"https:\/\/www.europesays.com\/es\/wp-json\/wp\/v2\/media\/746307"}],"wp:attachment":[{"href":"https:\/\/www.europesays.com\/es\/wp-json\/wp\/v2\/media?parent=746306"}],"wp:term":[{"taxonomy":"category","embeddable":true,"href":"https:\/\/www.europesays.com\/es\/wp-json\/wp\/v2\/categories?post=746306"},{"taxonomy":"post_tag","embeddable":true,"href":"https:\/\/www.europesays.com\/es\/wp-json\/wp\/v2\/tags?post=746306"}],"curies":[{"name":"wp","href":"https:\/\/api.w.org\/{rel}","templated":true}]}}