{"id":746352,"date":"2026-09-03T23:20:09","date_gmt":"2026-09-03T23:20:09","guid":{"rendered":"https:\/\/www.europesays.com\/es\/746352\/"},"modified":"2026-09-03T23:20:09","modified_gmt":"2026-09-03T23:20:09","slug":"localizan-el-cadaver-del-bebe-nizan-en-la-casa-de-santa-barbara-donde-vivian-decenas-de-perros-hacinados-diari-de-tarragona","status":"publish","type":"post","link":"https:\/\/www.europesays.com\/es\/746352\/","title":{"rendered":"Localizan el cad\u00e1ver del beb\u00e9 Nizan en la casa de Santa B\u00e1rbara donde viv\u00edan decenas de perros hacinados &#8211; Diari de Tarragona"},"content":{"rendered":"<ol>\n<li><a href=\"https:\/\/news.google.com\/rss\/articles\/CBMiswFBVV95cUxPTVR1VFQ0bEJUS0NXT2R4bk1yNTVLSEFtVHY4ZUkxSDNLOGtIelRQazJQOV96VWtoSVJXTFJ2NDVRSmtWRDh3WDE3OVBUeWJUaDNmb3JrYk14QmJvTF83LTBPMTlWNVJlN2FnX3VPMzJ2QWRoaUhISHhMUHFvR3VrY19qRnJGUEFsQ1lQZ3NtSndOMXFacVlzeUZ1dl9WMnp0ZExKOHE5dnl4N0otTGJ5NHkza9IBuAFBVV95cUxQRm1HdVJtWjFGbGtJRHJsc2xMcTZDblNBRkN2R01lOVBha1hRMV9Ha0cyVzBZRm5TWXppc3FCVzZJQUJFQ1BYaTVoUm5ORl9rOG5Db1pfanpuVThQTVhfZkNLODlOdjZUWWZjTTA5UUxHU0FBZFVHS3d1YkNhWmFxUWhrTUNKXzZpTVFxRVl3MjhJTUJFZVJ4Q0VESVlKcW94MWtKSWxhZElSa2NLdTFRN19iZFNqbFd3?oc=5\" target=\"_blank\" rel=\"nofollow noopener\">Localizan el cad\u00e1ver del beb\u00e9 Nizan en la casa de Santa B\u00e1rbara donde viv\u00edan decenas de perros hacinados<\/a>&nbsp;&nbsp;Diari de Tarragona<\/li>\n<li><a href=\"https:\/\/news.google.com\/rss\/articles\/CBMifEFVX3lxTE84bFFHajR6WUpidUFfVzR0NnpIN3pjQ3JjckxPQW5MRU8xay12YllZNjhDbEotZlAyQzh4VlU5VGFOZ1I3UzBhaXFrMDdaT0VaOW1maFh0M3RfNHJfWFJOai1FbG5NMTFnSTRmT3IwSFkwNlFGdThWaHNDMzXSAXxBVV95cUxNamJxWmVfdTNmRUJtZVlwdElMbG0zSTJNV1FYY05UUUEzMFdMbGFuRWRjNDlMQkNkZzJ2QXBOTnhZZTNiREZPZ3QwQ2p6SGtCZG5RcXROTlpTaXZrVDZZaE8yU2ZKUHZOalE4QWZBU2tzMUpCYm92UnNWOWpf?oc=5\" target=\"_blank\" rel=\"nofollow noopener\">Hallan restos \u00f3seos de un beb\u00e9 en la casa de Tarragona donde investigaban su desaparici\u00f3n<\/a>&nbsp;&nbsp;El Mundo<\/li>\n<li><a href=\"https:\/\/news.google.com\/rss\/articles\/CBMi7gFBVV95cUxQMTdDVng1UGFsQWFtVmR3NjR3SlNtc2htenFTLXZ4el93UkdzSy0yblI2TWZkdFM3MzBpMkhaX0Y1aFQyMnNXNkZHUnNmaEFfMVN0bmQ0WHFSSzlYdG01RU5ma2VDS1YyWXk1ajJEX19SX2xpT1BndzR3eEdGR1JXSjdmeGtHLTRLX3NYQzhsaTZyVzVXb01JaXFISGd1UHJvZzA5ajhhSjEwWEJaTkpRUjhXRmpTdmFtVGk3eWRpQ3QwbFNHMXZqQWJUMlBHeVdINUpLRV9ZUE1zVlVfZC1KNmhkYVNBanlfWXVCV3FR?oc=5\" target=\"_blank\" rel=\"nofollow noopener\">Localizados los restos \u00f3seos del beb\u00e9 desaparecido en Tarragona cuyos padres fueron detenidos en Valencia<\/a>&nbsp;&nbsp;EL PA\u00cdS<\/li>\n<li><a href=\"https:\/\/news.google.com\/rss\/articles\/CBMihwJBVV95cUxPS0xmQzZrRjNJUllIeXZCWXIxekgwNEFOaXVseUNseEh5SlR2dHc2RFVCRG9ZbGRCemxGdDN4T0Z5TkdLa3dMeWtVWDd2U0F3ZkJmaHBrQ3YydU8zRHEwbXlneUJ0MzdaODJfajhIQkxOZ25Va2twYkt0LVRMN2I4WElqSGZMYnU5NjE0YWRmWlBaNkVOZnZJaUNEYTczY0ZqQlVuU0FNczZMQ3UwZWFpWnRJenNzQmtTY1JGYWZTMHpBc1ZWeDd5V1VJY3Q2dG5tb0VON2VtX2c4TEFaYjFKNzAzZWI5WHRvbUVncDV1Q1lJZVdMWkJsemdzYjBIR1VLLXl1azFFa9IBhwJBVV95cUxPYlZPclVoRWVoSGQ0TDk3UXhfbWVCNUw1ckREc3pVbF9ITmJyMEJTYW91d21VYW8yWFRmZkxLWXdkdzhBWExuWnRTcVFPM0lkSzhyZUpRN1V3TzlQUW45THFtYlpxZXloZ0pxeXFCc3RqblVEbmFJcnZzY2t4YW5wM0kwWmdTa3BVT0dFaFd6TEpjWnJvcUN5c09ZbjRFQTFWNkxjem55TjZSUDBYcEpCRzJvZ3FjUERrNWFZcUthVG5URm1fWlNXVWJxQW9zaHZSdkZZaTlJTWRfdThCRm1HaGFramxwd1RaMHl5cENLVkc1ZG5rMWZ4S0N1WWlveVVaTktUWVhLMA?oc=5\" target=\"_blank\" rel=\"nofollow noopener\">Encuentran el cuerpo de un beb\u00e9 de 18 meses enterrado en una caja de cart\u00f3n: \u00abLa polic\u00eda ya buscaba a la madre por un delito anterior\u00bb<\/a>&nbsp;&nbsp;antena3.com<\/li>\n<li><a href=\"https:\/\/news.google.com\/rss\/articles\/CBMivgFBVV95cUxNWWxuZ0R2cFZ2ZmhPUm4yOXNnVTNhU2VlTXh4ODhfOFBHSFgxNkRSMURKOXZwSFc5UVAwdFczNXkzWGs3VGZrVDV1aUdURURaYm41c21XUWdLVTlObi1Ja1M0MDBHbExIRlJtbWVxXzlzcFFxOGFGM3o0elk4Y2czcFpTMXg0SE93UDY2QmNjbzRvZFpiNVZKb2FIU2daa08wX2ROOVBwQl91SFgzMDlNdFdyNHI4MkY2UXRYU1VB0gHDAUFVX3lxTE5HVGJKaVlhVExCcVhvajZ6d2xQZlV2Q1h1cGE0bzZENldhUmVVV2VoU2ZlTjFxUC1sOGV6SXFmdGNyLTNHQldNVkswWkVfTDdWcjM1dnJSbmwtN0NvRVdTdzJuVFJKVTVXbHJBRDR3MzRvSTRPU3NEWU85Yjk3dVdyVDVDMGJ3REh2WldTbk1QdkNtTld5c05FSXBxZHMySm0zNmNhNkU3TmRRUFJwd21CaTRaeVU5amgyWHNnMExSaGI4Yw?oc=5\" target=\"_blank\" rel=\"nofollow noopener\">Hallan los restos \u00f3seos de un beb\u00e9 dentro de una casa en Santa B\u00e0rbara (Tarragona)<\/a>&nbsp;&nbsp;La Vanguardia<\/li>\n<\/ol>\n","protected":false},"excerpt":{"rendered":"Localizan el cad\u00e1ver del beb\u00e9 Nizan en la casa de Santa B\u00e1rbara donde viv\u00edan decenas de perros hacinados&nbsp;&nbsp;Diari&hellip;\n","protected":false},"author":2,"featured_media":746353,"comment_status":"","ping_status":"","sticky":false,"template":"","format":"standard","meta":{"footnotes":""},"categories":[8],"tags":[17,18,25,24,13,14,11,19,20,9,10,15,16,23,12,21,22],"class_list":["post-746352","post","type-post","status-publish","format-standard","has-post-thumbnail","category-espana","tag-breaking-news","tag-breakingnews","tag-es","tag-espana","tag-featured-news","tag-featurednews","tag-headlines","tag-latest-news","tag-latestnews","tag-news","tag-noticias","tag-noticias-destacadas","tag-noticiasdestacadas","tag-spain","tag-titulares","tag-ultimas-noticias","tag-ultimasnoticias"],"share_on_mastodon":{"url":"https:\/\/pubeurope.com\/@es\/117209676409424606","error":""},"_links":{"self":[{"href":"https:\/\/www.europesays.com\/es\/wp-json\/wp\/v2\/posts\/746352","targetHints":{"allow":["GET"]}}],"collection":[{"href":"https:\/\/www.europesays.com\/es\/wp-json\/wp\/v2\/posts"}],"about":[{"href":"https:\/\/www.europesays.com\/es\/wp-json\/wp\/v2\/types\/post"}],"author":[{"embeddable":true,"href":"https:\/\/www.europesays.com\/es\/wp-json\/wp\/v2\/users\/2"}],"replies":[{"embeddable":true,"href":"https:\/\/www.europesays.com\/es\/wp-json\/wp\/v2\/comments?post=746352"}],"version-history":[{"count":0,"href":"https:\/\/www.europesays.com\/es\/wp-json\/wp\/v2\/posts\/746352\/revisions"}],"wp:featuredmedia":[{"embeddable":true,"href":"https:\/\/www.europesays.com\/es\/wp-json\/wp\/v2\/media\/746353"}],"wp:attachment":[{"href":"https:\/\/www.europesays.com\/es\/wp-json\/wp\/v2\/media?parent=746352"}],"wp:term":[{"taxonomy":"category","embeddable":true,"href":"https:\/\/www.europesays.com\/es\/wp-json\/wp\/v2\/categories?post=746352"},{"taxonomy":"post_tag","embeddable":true,"href":"https:\/\/www.europesays.com\/es\/wp-json\/wp\/v2\/tags?post=746352"}],"curies":[{"name":"wp","href":"https:\/\/api.w.org\/{rel}","templated":true}]}}