{"id":746356,"date":"2026-09-03T23:26:31","date_gmt":"2026-09-03T23:26:31","guid":{"rendered":"https:\/\/www.europesays.com\/es\/746356\/"},"modified":"2026-09-03T23:26:31","modified_gmt":"2026-09-03T23:26:31","slug":"jodar-se-despide-del-us-open-mientras-alcaraz-sigue-adelante-tras-una-remontada","status":"publish","type":"post","link":"https:\/\/www.europesays.com\/es\/746356\/","title":{"rendered":"J\u00f3dar se despide del US Open mientras Alcaraz sigue adelante tras una remontada"},"content":{"rendered":"<p><strong>Rafa J\u00f3dar pone punto final a su participaci\u00f3n en el Abierto de Estados Unidos<\/strong>. El madrile\u00f1o cay\u00f3 eliminado en la primera ronda ante el chino Yunchaokete Bu por 6-2, 6-1 y 6-1 en una hora y 48 minutos de un partido con interrupci\u00f3n incluida por la lluvia.<\/p>\n<p>J\u00f3dar no tuvo un buen inicio en el primer set del cuarto y \u00faltimo Grand Slam de la temporada, con un bajo porcentaje de primeros saques, encaj\u00f3 pronto un break y <strong>Bu no desaprovech\u00f3 la oportunidad para tomar gran ventaja (4-1) y terminar llev\u00e1ndose el primer set<\/strong>.<\/p>\n<p>En el comienzo del <strong>segundo set<\/strong>, el tenista madrile\u00f1o volvi\u00f3 a ceder otra rotura y continu\u00f3 nadando a contracorriente.<strong> Bu, en el puesto 124 del ranking ATP, estaba muy acertado y, al saque, especialmente s\u00f3lido<\/strong>. No tuvo que lidiar con ninguna pelota de break ni en el primer ni en el segundo parcial. De nuevo se anot\u00f3 el set tras conseguir ponerse 4-1.<\/p>\n<p>En el <strong>tercer set<\/strong>,<strong> el tenista chino sigui\u00f3 rindiendo con nivel y cerr\u00f3 el encuentro con 6-1<\/strong>. Durante este parcial el juez de silla par\u00f3 el encuentro durante minutos a consecuencia de unas gotas de lluvia que cayeron sobre la pista dura del recinto de Flushing Meadows. Bu ten\u00eda una ventaja de 4-1 y, aunque J\u00f3dar volvi\u00f3 con un ace, no pudo hacer nada m\u00e1s. Con servicio propio, el chino at\u00f3 la primera victoria de su vida en un torneo de Grand Slam.<\/p>\n<p>&#13;<br \/>\n    Relacionado&#13;<br \/>\n    &#13;<\/p>\n<p>Posteriormente, Rafa J\u00f3dar analiz\u00f3 el encuentro: \u00ab<strong>Jug\u00f3 mejor que yo, y esa es la raz\u00f3n por la que gan\u00f3 hoy<\/strong>\u00ab. El tenista acept\u00f3 el tropiezo como base de su \u00e9xito futuro: \u00abSoy nuevo en el tour. Solo intento aprender de esto para que no vuelva a pasar. La primera vez le puede pasar a cualquiera. Somos humanos. La segunda vez podr\u00eda ser malo si no he aprendido de esta\u00bb.<\/p>\n<p>Persiguiendo la cima del tenis<\/p>\n<p>Despu\u00e9s de derrotar a Roman Safiullin en la primera ronda del Abierto de Estados Unidos, <strong>Alcaraz<\/strong> ten\u00eda por delante a Jaime Faria y no fall\u00f3 a pesar de perder el primer set 4-6. El espa\u00f1ol reaccion\u00f3 y se anot\u00f3 los siguientes sets con <strong>6-0, 6-3 y 6-2 en dos horas y 40 minutos<\/strong>. Con celebraci\u00f3n de arquero incluida, encaden\u00f3 16 triunfos en los majors y su pr\u00f3ximo rival ser\u00e1 el chino Yibing Wu.<\/p>\n<p>Un festejo cargado de sentimiento ya que iba dirigido a sus dos hermanos peque\u00f1os, Jaime y Sergio, que se encontraban en la grada y pidieron a Alcaraz ese favor: \u00ab<strong>Mis dos hermanos peque\u00f1os est\u00e1n aqu\u00ed y me pidieron que lanzara una flecha<\/strong>. As\u00ed que ha sido un momento para ellos\u00bb, explic\u00f3.<\/p>\n<p>Por otro lado, <strong>Jaume Munar se despidi\u00f3 del US Open<\/strong> despu\u00e9s de caer en segunda ronda ante Arthur Rinderknech por 7-6(4), 6-2 y 7-5 en tres horas y seis minutos. Al contrario que \u00e9l, <strong>Dani M\u00e9rida contin\u00faa con paso firme <\/strong>tras vencer por 6-7(3), 6-2, 6-4 y 6-4 a <strong>Andrey Rublev<\/strong> en dos horas y 46 minutos.<\/p>\n","protected":false},"excerpt":{"rendered":"Rafa J\u00f3dar pone punto final a su participaci\u00f3n en el Abierto de Estados Unidos. El madrile\u00f1o cay\u00f3 eliminado&hellip;\n","protected":false},"author":2,"featured_media":746357,"comment_status":"","ping_status":"","sticky":false,"template":"","format":"standard","meta":{"footnotes":""},"categories":[274],"tags":[545,91403,168,25,24,132500,9018,69993,23,167,327,326,541,132501],"class_list":["post-746356","post","type-post","status-publish","format-standard","has-post-thumbnail","category-tenis","tag-carlos-alcaraz","tag-daniel-merida","tag-deportes","tag-es","tag-espana","tag-jaime-faria","tag-jaume-munar","tag-rafa-jodar","tag-spain","tag-sports","tag-tenis","tag-tennis","tag-us-open","tag-yunchaokete-bu"],"share_on_mastodon":{"url":"https:\/\/pubeurope.com\/@es\/117209700118830270","error":""},"_links":{"self":[{"href":"https:\/\/www.europesays.com\/es\/wp-json\/wp\/v2\/posts\/746356","targetHints":{"allow":["GET"]}}],"collection":[{"href":"https:\/\/www.europesays.com\/es\/wp-json\/wp\/v2\/posts"}],"about":[{"href":"https:\/\/www.europesays.com\/es\/wp-json\/wp\/v2\/types\/post"}],"author":[{"embeddable":true,"href":"https:\/\/www.europesays.com\/es\/wp-json\/wp\/v2\/users\/2"}],"replies":[{"embeddable":true,"href":"https:\/\/www.europesays.com\/es\/wp-json\/wp\/v2\/comments?post=746356"}],"version-history":[{"count":0,"href":"https:\/\/www.europesays.com\/es\/wp-json\/wp\/v2\/posts\/746356\/revisions"}],"wp:featuredmedia":[{"embeddable":true,"href":"https:\/\/www.europesays.com\/es\/wp-json\/wp\/v2\/media\/746357"}],"wp:attachment":[{"href":"https:\/\/www.europesays.com\/es\/wp-json\/wp\/v2\/media?parent=746356"}],"wp:term":[{"taxonomy":"category","embeddable":true,"href":"https:\/\/www.europesays.com\/es\/wp-json\/wp\/v2\/categories?post=746356"},{"taxonomy":"post_tag","embeddable":true,"href":"https:\/\/www.europesays.com\/es\/wp-json\/wp\/v2\/tags?post=746356"}],"curies":[{"name":"wp","href":"https:\/\/api.w.org\/{rel}","templated":true}]}}