{"id":746360,"date":"2026-09-03T23:29:18","date_gmt":"2026-09-03T23:29:18","guid":{"rendered":"https:\/\/www.europesays.com\/es\/746360\/"},"modified":"2026-09-03T23:29:18","modified_gmt":"2026-09-03T23:29:18","slug":"un-talento-lituano-formado-en-el-zalgiris-cierra-la-plantilla-de-la-cultural-leonesa","status":"publish","type":"post","link":"https:\/\/www.europesays.com\/es\/746360\/","title":{"rendered":"Un talento lituano formado en el Zalgiris cierra la plantilla de la Cultural Leonesa"},"content":{"rendered":"<p><img decoding=\"async\" class=\"v-ath__i\" loading=\"lazy\" src=\"https:\/\/www.europesays.com\/es\/wp-content\/uploads\/2026\/09\/autor-2282-foto-1.jpeg\" alt=\"Leonoticias\"\/><\/p>\n<p>03\/09\/2026 a las 19:28h.<\/p>\n<p class=\"v-d-p\">La Cultural y Deportiva Leonesa de Baloncesto ha llegado a un acuerdo con Vytautas Zygas para su incorporaci\u00f3n al primer equipo con un contrato de una temporada.<\/p>\n<p class=\"v-d-p\">Vytautas Zygas (Kaunas, Lituania, 2 de mayo de 2005) es un ala-p\u00edvot de 1,96 metros de altura. Formado en el \u017dalgiris Kaunas, dio el salto a la NCAA Divisi\u00f3n I de la mano de los Old Dominion Monarchs.<\/p>\n<p class=\"v-d-p\">Zygas ha sido un habitual en las convocatorias de las categor\u00edas inferiores de la selecci\u00f3n lituana hasta alcanzar la categor\u00eda U20.<\/p>\n<ul class=\"v-cmp-rld__u\">\n<li class=\"v-cmp-rld__l\">\n<p><a class=\"v-a-lnk\" href=\"http:\/\/www.leonoticias.com\/deportes\/baloncesto\/cultural-suma-centimetros-pintura-llegada-internacional-souleymane-20260818195525-nt.html#vtm_modulosEngag=noticiasrelacionadas-cmp-uno:deportes:noticia:1\" data-voc-vtm-id=\"in-text-traffic\" rel=\"nofollow noopener\" target=\"_blank\"><br \/>\n<img decoding=\"async\" loading=\"lazy\" src=\"https:\/\/www.europesays.com\/es\/wp-content\/uploads\/2026\/09\/traore-fichaje-kLH--366x256@Leonoticias.jpg\" class=\"v-a-img\" width=\"258\" height=\"180\" alt=\"La Cultural suma cent\u00edmetros en la pintura con la llegada del internacional Souleymane Traor\u00e9\"\/><br \/>\n<\/a><\/p>\n<\/li>\n<\/ul>\n<p class=\"v-d-p\">El jugador lleva ya una semana entrenando en Le\u00f3n, donde ha dejado grandes sensaciones al cuerpo t\u00e9cnico, que ha decidido contar con sus servicios.<\/p>\n<p class=\"v-d-p\">Con esta incorporaci\u00f3n, la Cultural Leonesa cierra su plantilla al contar ya con sus 12 jugadores, a falta de un mes para arrancar una nueva temporada en Segunda FEB.<\/p>\n","protected":false},"excerpt":{"rendered":"03\/09\/2026 a las 19:28h. La Cultural y Deportiva Leonesa de Baloncesto ha llegado a un acuerdo con Vytautas&hellip;\n","protected":false},"author":2,"featured_media":746361,"comment_status":"","ping_status":"","sticky":false,"template":"","format":"standard","meta":{"footnotes":""},"categories":[269],"tags":[299,298,500,8332,168,25,24,13569,12363,45521,1429,23,167,16578,53969],"class_list":["post-746360","post","type-post","status-publish","format-standard","has-post-thumbnail","category-baloncesto","tag-baloncesto","tag-basketball","tag-cierra","tag-cultural","tag-deportes","tag-es","tag-espana","tag-formado","tag-leonesa","tag-lituano","tag-plantilla","tag-spain","tag-sports","tag-talento","tag-zalgiris"],"share_on_mastodon":{"url":"https:\/\/pubeurope.com\/@es\/117209712777245240","error":""},"_links":{"self":[{"href":"https:\/\/www.europesays.com\/es\/wp-json\/wp\/v2\/posts\/746360","targetHints":{"allow":["GET"]}}],"collection":[{"href":"https:\/\/www.europesays.com\/es\/wp-json\/wp\/v2\/posts"}],"about":[{"href":"https:\/\/www.europesays.com\/es\/wp-json\/wp\/v2\/types\/post"}],"author":[{"embeddable":true,"href":"https:\/\/www.europesays.com\/es\/wp-json\/wp\/v2\/users\/2"}],"replies":[{"embeddable":true,"href":"https:\/\/www.europesays.com\/es\/wp-json\/wp\/v2\/comments?post=746360"}],"version-history":[{"count":0,"href":"https:\/\/www.europesays.com\/es\/wp-json\/wp\/v2\/posts\/746360\/revisions"}],"wp:featuredmedia":[{"embeddable":true,"href":"https:\/\/www.europesays.com\/es\/wp-json\/wp\/v2\/media\/746361"}],"wp:attachment":[{"href":"https:\/\/www.europesays.com\/es\/wp-json\/wp\/v2\/media?parent=746360"}],"wp:term":[{"taxonomy":"category","embeddable":true,"href":"https:\/\/www.europesays.com\/es\/wp-json\/wp\/v2\/categories?post=746360"},{"taxonomy":"post_tag","embeddable":true,"href":"https:\/\/www.europesays.com\/es\/wp-json\/wp\/v2\/tags?post=746360"}],"curies":[{"name":"wp","href":"https:\/\/api.w.org\/{rel}","templated":true}]}}