{"id":746362,"date":"2026-09-03T23:30:11","date_gmt":"2026-09-03T23:30:11","guid":{"rendered":"https:\/\/www.europesays.com\/es\/746362\/"},"modified":"2026-09-03T23:30:11","modified_gmt":"2026-09-03T23:30:11","slug":"jean-marie-dongou-sobre-el-fichaje-de-gabriel-jesus-es-un-parche","status":"publish","type":"post","link":"https:\/\/www.europesays.com\/es\/746362\/","title":{"rendered":"Jean Marie Dongou, sobre el fichaje de Gabriel Jesus: \u00abEs un parche\u00bb"},"content":{"rendered":"<p class=\"ft-text\"><strong>Gabriel Jes\u00fas<\/strong> ha sido la \u00faltima pieza del puzle del Bar\u00e7a para esta temporada. El brasile\u00f1o llega procedente del <strong>Arsenal <\/strong>a cambio de <strong>diez millones de euros m\u00e1s variables<\/strong>. Una incorporaci\u00f3n de \u00faltima hora, pero que cubre una necesidad que el equipo ten\u00eda: la de un delantero.<\/p>\n<p class=\"ft-text\"><strong>Pese a que no es el juguete que pidi\u00f3 el Bar\u00e7a en navidades<\/strong>, Juli\u00e1n \u00c1lvarez, la llegada de Gabriel Jes\u00fas genera ilusi\u00f3n, al haber sido uno de los delanteros m\u00e1s influyentes de la Premier League, eso s\u00ed, hace unos cu\u00e1ntos a\u00f1os. Por lo tanto, lo de Gabriel Jes\u00fas es una mezcla de incertidumbre y de acierto, ya que Deco encontr\u00f3 la soluci\u00f3n m\u00e1s viable del mercado. <\/p>\n<p>El Bar\u00e7a deber\u00e1 fichar a un delantero<\/p>\n<p class=\"ft-text\">Dongou, en su estreno al &#8216;Tot Costa&#8217; de Catalunya R\u00e0dio, ha valorado el fichaje del brasile\u00f1o. Considera que es un gran jugador, pero que no es el perfil que debe fichar el Bar\u00e7a. <\/p>\n<p class=\"ft-text\"><strong>\u00abYo creo que todav\u00eda no. El Bar\u00e7a deber\u00eda de resolver el tema m\u00e1s adelante, no s\u00e9 si durante el verano que viene o en enero\u00bb, <\/strong>empieza argumentando el exdelantero.<\/p>\n<p class=\"ft-text\">\u00abYo creo que <strong>Gabriel Jesus<\/strong> es un parche, no es el delantero que todo el mundo quer\u00eda, pero s\u00ed que es un gran jugador y si Flick es capaz de recuperarlo un poco, la sensaci\u00f3n que dio en el City o en el Arsenal, tenemos a un jugador que puede ayudar mucho al equipo. En <strong>Liga <\/strong>har\u00e1 goles, pero en Champions, no dar\u00e1 el salto para competir contra los grandes de Europa\u00bb, contin\u00faa. <\/p>\n<p class=\"ft-text\">\u00abA m\u00ed me gusta lo que genera el Bar\u00e7a. Cualquiera que se ponga har\u00e1 goles, no hay duda. No tengo ninguna duda con esto, el problema es cuando lleguen los equipos de tu nivel, se ver\u00e1 si el equipo est\u00e1 preparado para ganar la <strong>Champions <\/strong>o para competir contra los grandes equipos. Pero yo no tengo ninguna duda de que no es un problema hacer goles, por la forma de jugar y por las ocasiones que genera el equipo\u00bb, afirma Dongou.<\/p>\n<p class=\"ft-text\">Pese a que es consciente que el Bar\u00e7a hizo todo lo posible para fichar al delantero argentino, considera que en un futuro el equipo volver\u00e1 a intentarlo.<\/p>\n<p class=\"ft-text\"><strong>\u00abEl Bar\u00e7a debe fichar a los mejores jugadores del mundo, no jugadores medianos, si queremos apostar por jugadores j\u00f3venes, ya tenemos a La mas\u00eda. El resto deben de ser jugadores diferenciales<\/strong>\u00ab, concluye.<\/p>\n","protected":false},"excerpt":{"rendered":"Gabriel Jes\u00fas ha sido la \u00faltima pieza del puzle del Bar\u00e7a para esta temporada. El brasile\u00f1o llega procedente&hellip;\n","protected":false},"author":2,"featured_media":746363,"comment_status":"","ping_status":"","sticky":false,"template":"","format":"standard","meta":{"footnotes":""},"categories":[268],"tags":[168,99466,25,24,557,280,2313,282,35871,10036,20016,281,23,167],"class_list":["post-746362","post","type-post","status-publish","format-standard","has-post-thumbnail","category-futbol","tag-deportes","tag-dongou","tag-es","tag-espana","tag-fichaje","tag-football","tag-fuera-de-juego","tag-futbol","tag-gabriel","tag-jean","tag-marie","tag-soccer","tag-spain","tag-sports"],"share_on_mastodon":{"url":"https:\/\/pubeurope.com\/@es\/117209715677640369","error":""},"_links":{"self":[{"href":"https:\/\/www.europesays.com\/es\/wp-json\/wp\/v2\/posts\/746362","targetHints":{"allow":["GET"]}}],"collection":[{"href":"https:\/\/www.europesays.com\/es\/wp-json\/wp\/v2\/posts"}],"about":[{"href":"https:\/\/www.europesays.com\/es\/wp-json\/wp\/v2\/types\/post"}],"author":[{"embeddable":true,"href":"https:\/\/www.europesays.com\/es\/wp-json\/wp\/v2\/users\/2"}],"replies":[{"embeddable":true,"href":"https:\/\/www.europesays.com\/es\/wp-json\/wp\/v2\/comments?post=746362"}],"version-history":[{"count":0,"href":"https:\/\/www.europesays.com\/es\/wp-json\/wp\/v2\/posts\/746362\/revisions"}],"wp:featuredmedia":[{"embeddable":true,"href":"https:\/\/www.europesays.com\/es\/wp-json\/wp\/v2\/media\/746363"}],"wp:attachment":[{"href":"https:\/\/www.europesays.com\/es\/wp-json\/wp\/v2\/media?parent=746362"}],"wp:term":[{"taxonomy":"category","embeddable":true,"href":"https:\/\/www.europesays.com\/es\/wp-json\/wp\/v2\/categories?post=746362"},{"taxonomy":"post_tag","embeddable":true,"href":"https:\/\/www.europesays.com\/es\/wp-json\/wp\/v2\/tags?post=746362"}],"curies":[{"name":"wp","href":"https:\/\/api.w.org\/{rel}","templated":true}]}}