{"id":746384,"date":"2026-09-03T23:42:13","date_gmt":"2026-09-03T23:42:13","guid":{"rendered":"https:\/\/www.europesays.com\/es\/746384\/"},"modified":"2026-09-03T23:42:13","modified_gmt":"2026-09-03T23:42:13","slug":"diez-fallecidos-por-la-bacteria-come-carne-en-las-costas-de-eeuu","status":"publish","type":"post","link":"https:\/\/www.europesays.com\/es\/746384\/","title":{"rendered":"Diez fallecidos por la bacteria &#8216;come carne&#8217; en las costas de EEUU"},"content":{"rendered":"<p>\n        Las muertes por la<strong> bacteria &#8216;come carne&#8217; subieron a diez en <\/strong><a href=\"https:\/\/www.noticiasdenavarra.com\/tags\/estados-unidos\/\" title=\"Estados Unidos\" rel=\"nofollow noopener\" target=\"_blank\" class=\"link copy\"><strong>Estados Unidos <\/strong><\/a><strong>este a\u00f1o,<\/strong> despu\u00e9s de que Luisiana confirmara un sexto fallecido y Florida elevara su balance a cuatro, seg\u00fan los \u00faltimos datos de los departamentos de Salud de ambos estados, situados en la costa del Golfo.\n<\/p>\n<p class=\"article-body__text \">\n        <strong>Luisiana contabiliza 15 casos, seis m\u00e1s que a comienzos de agosto, de los que 14 se produjeron por la exposici\u00f3n de heridas abiertas al agua del mar y uno por otra v\u00eda<\/strong>, seg\u00fan el balance estatal actualizado al 2 de septiembre. La cifra supera ya el promedio de diez casos y una muerte al a\u00f1o que el estado registr\u00f3 en la \u00faltima d\u00e9cada.\n<\/p>\n<p>  Baceteria &#8216;come carne&#8217;<\/p>\n<p class=\"article-body__text \">\n        <strong>Florida suma 20 casos y cuatro muertes, <\/strong>en los condados de Palm Beach, Marion, Bay y Broward, este \u00faltimo en el \u00e1rea metropolitana de Miami, seg\u00fan los datos actualizados este jueves por el Departamento de Salud del estado.\n<\/p>\n<p class=\"article-body__text \">\n        <strong>Misisipi <\/strong>contabiliza tres casos de Vibrio vulnificus entre 29 infecciones por bacterias de ese g\u00e9nero, sin fallecidos, y <strong>Alabama <\/strong>suma 16 casos de vibriosis, incluida una muerte cuya especie causante no ha precisado.\n<\/p>\n<p class=\"article-body__text \">\n        Las autoridades sanitarias<strong> piden precauci\u00f3n al sumergirse en el mar con heridas abiertas o al comer mariscos crudos, en especial ostras<\/strong>, ya que los casos aumentan de mayo a octubre, cuando el agua est\u00e1 m\u00e1s c\u00e1lida.\n<\/p>\n<p class=\"article-body__text \">\n        A la bacteria se le conoce como &#8216;come carne&#8217; porque la infecci\u00f3n en la sangre produce lesiones en la piel con ampollas, adem\u00e1s de fiebre, escalofr\u00edos y presi\u00f3n baja. <strong>\u00abCerca de una de cada cinco personas con una infecci\u00f3n por Vibrio vulnificus muere, a veces un d\u00eda o dos despu\u00e9s de enfermarse\u00bb<\/strong>, advirti\u00f3 el departamento de Luisiana en un comunicado.<\/p>\n","protected":false},"excerpt":{"rendered":"Las muertes por la bacteria &#8216;come carne&#8217; subieron a diez en Estados Unidos este a\u00f1o, despu\u00e9s de que&hellip;\n","protected":false},"author":2,"featured_media":746385,"comment_status":"","ping_status":"","sticky":false,"template":"","format":"standard","meta":{"footnotes":""},"categories":[42],"tags":[6281,17,18,37376,35181,1630,18892,13,14,11,61,62,63,64,19,20,9,10,15,16,12,21,22,65,66,67],"class_list":["post-746384","post","type-post","status-publish","format-standard","has-post-thumbnail","category-internacional","tag-bacteria","tag-breaking-news","tag-breakingnews","tag-carne","tag-come","tag-diez","tag-fallecidos","tag-featured-news","tag-featurednews","tag-headlines","tag-internacional","tag-international","tag-international-news","tag-internationalnews","tag-latest-news","tag-latestnews","tag-news","tag-noticias","tag-noticias-destacadas","tag-noticiasdestacadas","tag-titulares","tag-ultimas-noticias","tag-ultimasnoticias","tag-world","tag-world-news","tag-worldnews"],"share_on_mastodon":{"url":"https:\/\/pubeurope.com\/@es\/117209762519050304","error":""},"_links":{"self":[{"href":"https:\/\/www.europesays.com\/es\/wp-json\/wp\/v2\/posts\/746384","targetHints":{"allow":["GET"]}}],"collection":[{"href":"https:\/\/www.europesays.com\/es\/wp-json\/wp\/v2\/posts"}],"about":[{"href":"https:\/\/www.europesays.com\/es\/wp-json\/wp\/v2\/types\/post"}],"author":[{"embeddable":true,"href":"https:\/\/www.europesays.com\/es\/wp-json\/wp\/v2\/users\/2"}],"replies":[{"embeddable":true,"href":"https:\/\/www.europesays.com\/es\/wp-json\/wp\/v2\/comments?post=746384"}],"version-history":[{"count":0,"href":"https:\/\/www.europesays.com\/es\/wp-json\/wp\/v2\/posts\/746384\/revisions"}],"wp:featuredmedia":[{"embeddable":true,"href":"https:\/\/www.europesays.com\/es\/wp-json\/wp\/v2\/media\/746385"}],"wp:attachment":[{"href":"https:\/\/www.europesays.com\/es\/wp-json\/wp\/v2\/media?parent=746384"}],"wp:term":[{"taxonomy":"category","embeddable":true,"href":"https:\/\/www.europesays.com\/es\/wp-json\/wp\/v2\/categories?post=746384"},{"taxonomy":"post_tag","embeddable":true,"href":"https:\/\/www.europesays.com\/es\/wp-json\/wp\/v2\/tags?post=746384"}],"curies":[{"name":"wp","href":"https:\/\/api.w.org\/{rel}","templated":true}]}}