{"id":746386,"date":"2026-09-03T23:43:09","date_gmt":"2026-09-03T23:43:09","guid":{"rendered":"https:\/\/www.europesays.com\/es\/746386\/"},"modified":"2026-09-03T23:43:09","modified_gmt":"2026-09-03T23:43:09","slug":"localizados-los-restos-oseos-del-bebe-desaparecido-en-tarragona-cuyos-padres-fueron-detenidos-en-valencia-noticias-de-cataluna","status":"publish","type":"post","link":"https:\/\/www.europesays.com\/es\/746386\/","title":{"rendered":"Localizados los restos \u00f3seos del beb\u00e9 desaparecido en Tarragona cuyos padres fueron detenidos en Valencia | Noticias de Catalu\u00f1a"},"content":{"rendered":"<p class=\"\">Los Mossos d\u2019Esquadra han localizado este jueves por la tarde en un domicilio de Santa B\u00e0rbara (Tarragona) los restos \u00f3seos del beb\u00e9 de 18 meses que buscaban desde el fin de semana y <a href=\"https:\/\/elpais.com\/espana\/catalunya\/2026-09-02\/detenida-una-pareja-en-valencia-por-la-desaparicion-de-un-bebe-en-tarragona.html\" target=\"_self\" rel=\"nofollow noopener\" title=\"https:\/\/elpais.com\/espana\/catalunya\/2026-09-02\/detenida-una-pareja-en-valencia-por-la-desaparicion-de-un-bebe-en-tarragona.html\">cuyos padres fueron detenidos este mi\u00e9rcoles<\/a> por su presunto homicidio. La polic\u00eda catalana est\u00e1 inspeccionando la vivienda en presencia de los progenitores. En un registro previo, durante el fin de semana, los agentes localizaron diversos perros en malas condiciones, que fueron trasladados a una protectora, y otros muertos.<\/p>\n<p class=\"\">Los padres fueron detenidos el mi\u00e9rcoles por la ma\u00f1ana por la Polic\u00eda Nacional en la Estaci\u00f3n del Norte de Valencia, tras una requisitoria judicial del tribunal de instancia de Amposta (Tarragona), que tiene una causa abierta despu\u00e9s de que el abuelo del ni\u00f1o denunciase su desaparici\u00f3n. Desde el principio, la polic\u00eda trabaja con la hip\u00f3tesis de que el cad\u00e1ver del beb\u00e9 estaba enterrado en el patio del domicilio de Santa B\u00e0rbara, donde <a href=\"https:\/\/elpais.com\/noticias\/mossos-desquadra\/\" target=\"_self\" rel=\"nofollow noopener\" title=\"https:\/\/elpais.com\/noticias\/mossos-desquadra\/\">finalmente han encontrado restos \u00f3seos.<\/a><\/p>\n<p class=\"\">El beb\u00e9 de 18 meses era el quinto hijo de una familia que viv\u00eda desde 2019 en Santa B\u00e0rbara, y su nacimiento fue celebrado por el Consistorio porque se trat\u00f3 del primer reci\u00e9n nacido en el municipio en 2025. Los servicios sociales segu\u00edan la evoluci\u00f3n de la familia, seg\u00fan ha explicado el alcalde, Josep Llu\u00eds Gimeno, que ha detallado que otros dos hijos estaban escolarizados e integrados en el pueblo.<\/p>\n<p class=\"\">A pesar de ello, el Consistorio ha admitido que ya se hab\u00eda intervenido con anterioridad en la vivienda debido a las condiciones en las que viv\u00edan, con decenas de animales. Los Mossos registraron la casa el fin de semana y hallaron una treintena de perros, algunos muertos y otros desnutridos. \u201cNo era el mejor lugar para vivir\u201d, ha admitido Gimeno, que ha argumentado que no pod\u00edan entrar en la casa sin una orden judicial.<\/p>\n<p class=\"\">Los Mossos investigan las causas de la muerte del beb\u00e9, que todav\u00eda no han sido aclaradas. <a href=\"https:\/\/elpais.com\/noticias\/investigacion-policial\/\" target=\"_self\" rel=\"nofollow noopener\" title=\"https:\/\/elpais.com\/noticias\/investigacion-policial\/\">El juzgado mantiene el secreto <\/a>de las actuaciones. En los \u00faltimos tres d\u00edas, trabajadores de una empresa de limpieza se han encargado de retirar camiones de basura del interior del inmueble.<\/p>\n","protected":false},"excerpt":{"rendered":"Los Mossos d\u2019Esquadra han localizado este jueves por la tarde en un domicilio de Santa B\u00e0rbara (Tarragona) los&hellip;\n","protected":false},"author":2,"featured_media":746387,"comment_status":"","ping_status":"","sticky":false,"template":"","format":"standard","meta":{"footnotes":""},"categories":[8],"tags":[3473,17,18,1980,15705,25,24,13,14,11,2129,19,20,3291,9,10,15,16,52117,23,257,12,21,22,235],"class_list":["post-746386","post","type-post","status-publish","format-standard","has-post-thumbnail","category-espana","tag-bebes","tag-breaking-news","tag-breakingnews","tag-cataluna","tag-detenciones","tag-es","tag-espana","tag-featured-news","tag-featurednews","tag-headlines","tag-homicidios","tag-latest-news","tag-latestnews","tag-mossos-desquadra","tag-news","tag-noticias","tag-noticias-destacadas","tag-noticiasdestacadas","tag-santa-barbara","tag-spain","tag-sucesos","tag-titulares","tag-ultimas-noticias","tag-ultimasnoticias","tag-valencia"],"share_on_mastodon":{"url":"https:\/\/pubeurope.com\/@es\/117209766601876773","error":""},"_links":{"self":[{"href":"https:\/\/www.europesays.com\/es\/wp-json\/wp\/v2\/posts\/746386","targetHints":{"allow":["GET"]}}],"collection":[{"href":"https:\/\/www.europesays.com\/es\/wp-json\/wp\/v2\/posts"}],"about":[{"href":"https:\/\/www.europesays.com\/es\/wp-json\/wp\/v2\/types\/post"}],"author":[{"embeddable":true,"href":"https:\/\/www.europesays.com\/es\/wp-json\/wp\/v2\/users\/2"}],"replies":[{"embeddable":true,"href":"https:\/\/www.europesays.com\/es\/wp-json\/wp\/v2\/comments?post=746386"}],"version-history":[{"count":0,"href":"https:\/\/www.europesays.com\/es\/wp-json\/wp\/v2\/posts\/746386\/revisions"}],"wp:featuredmedia":[{"embeddable":true,"href":"https:\/\/www.europesays.com\/es\/wp-json\/wp\/v2\/media\/746387"}],"wp:attachment":[{"href":"https:\/\/www.europesays.com\/es\/wp-json\/wp\/v2\/media?parent=746386"}],"wp:term":[{"taxonomy":"category","embeddable":true,"href":"https:\/\/www.europesays.com\/es\/wp-json\/wp\/v2\/categories?post=746386"},{"taxonomy":"post_tag","embeddable":true,"href":"https:\/\/www.europesays.com\/es\/wp-json\/wp\/v2\/tags?post=746386"}],"curies":[{"name":"wp","href":"https:\/\/api.w.org\/{rel}","templated":true}]}}