{"id":746424,"date":"2026-09-04T00:12:34","date_gmt":"2026-09-04T00:12:34","guid":{"rendered":"https:\/\/www.europesays.com\/es\/746424\/"},"modified":"2026-09-04T00:12:34","modified_gmt":"2026-09-04T00:12:34","slug":"la-alqueria-del-tenis-abrira-como-centro-sociocultural-en-mayo-de-2027","status":"publish","type":"post","link":"https:\/\/www.europesays.com\/es\/746424\/","title":{"rendered":"La Alquer\u00eda del Tenis abrir\u00e1 como centro sociocultural en mayo de 2027"},"content":{"rendered":"<p>02\/09\/2026 a las 14:08h.<\/p>\n<p>La alcaldesa de Valencia, Mar\u00eda Jos\u00e9 Catal\u00e1, ha visitado este mi\u00e9rcoles las obras de rehabilitaci\u00f3n de la Alqueria del Tenis, en el barrio de Penya- &#8230; roja, que permitir\u00e1 recuperar este inmueble municipal protegido y transformarlo en un nuevo centro sociocultural con espacios destinados a la convivencia, la participaci\u00f3n ciudadana, la formaci\u00f3n y las actividades intergeneracionales. Esta actuaci\u00f3n municipal en el distrito de Camins al Grau cuenta con una inversi\u00f3n municipal de 1.222.112 euros, IVA incluido, y un plazo de ejecuci\u00f3n de doce meses. Los trabajos, adjudicados a Rebogar Obras y Servicios SL, comenzaron el pasado mayo y tienen prevista su conclusi\u00f3n en mayo de 2027.<\/p>\n<p class=\"v-d-p\">Durante la visita, Catal\u00e1 ha se\u00f1alado que \u00abla rehabilitaci\u00f3n de la Alquer\u00eda del Tenis responde a una demanda hist\u00f3rica del vecindario y demuestra que cuidar el patrimonio tambi\u00e9n es mejorar la vida cotidiana de los barrios\u00bb. La alcaldesa ha a\u00f1adido que \u00abeste edificio recuperar\u00e1 su valor arquitect\u00f3nico y se convertir\u00e1 en un equipamiento vivo, abierto y \u00fatil para las familias, las asociaciones y las personas mayores de Penya-roja\u00bb.<\/p>\n<p class=\"v-d-p\">El proyecto conserva los elementos arquitect\u00f3nicos m\u00e1s relevantes de la construcci\u00f3n y recupera el espacio exterior de la parcela. La Alqueria del Tenis, integrada en el Cat\u00e1logo de Bienes y Espacios Protegidos del Plan General de Ordenaci\u00f3n Urbana y con nivel 2 de protecci\u00f3n, constituye un ejemplo de la arquitectura tradicional de la huerta valenciana incorporada con el crecimiento urbano a la trama de la ciudad.<\/p>\n<p class=\"v-d-p\">El futuro centro sociocultural dispondr\u00e1 de una superficie construida de 391 metros cuadrados distribuidos en tres plantas, adem\u00e1s de un patio ajardinado. La planta baja acoger\u00e1 el acceso, la recepci\u00f3n, una sala de exposiciones y dependencias de apoyo, con especial atenci\u00f3n a las actividades dirigidas a las personas mayores.<\/p>\n<p><img decoding=\"async\" loading=\"lazy\" src=\"https:\/\/www.europesays.com\/es\/wp-content\/uploads\/2026\/09\/_0902 Visita obres Alqueria del Tenis (15)-U72633162317uKj-680x476@Las Provincias.jpg\" class=\"v-a-img\" width=\"680\" height=\"478\" alt=\"Catal\u00e1, en la visita de obras.\" data-voc-vtm-id=\"in-text-traffic\"\/><\/p>\n<p>Catal\u00e1, en la visita de obras.<\/p>\n<p>(lp)<\/p>\n<p class=\"v-d-p\">En la primera planta se habilitar\u00e1 una sala polivalente para encuentros, talleres, actividades f\u00edsicas, juegos y reuniones de entidades, junto con espacios para grupos reducidos. La segunda contar\u00e1 con otra sala multiusos destinada a conferencias, seminarios, formaci\u00f3n, estudio o biblioteca, adem\u00e1s de despachos.<\/p>\n<p class=\"v-d-p\">El espacio exterior integrar\u00e1 una zona de actividad cubierta y descubierta, concebida para su uso durante todo el a\u00f1o, y conservar\u00e1 el ficus benjamina de gran porte existente. La intervenci\u00f3n incluye un itinerario accesible que comunica la entrada, el ascensor y el patio, favoreciendo el uso aut\u00f3nomo del conjunto.<\/p>\n<p class=\"v-d-p\">La intervenci\u00f3n se ha dise\u00f1ado para compatibilizar la nueva funci\u00f3n p\u00fablica del inmueble con la preservaci\u00f3n de su identidad. Las obras mantendr\u00e1n los espacios libres interiores, las alturas, los forjados y la fachada, y contemplan la reparaci\u00f3n de la escalera interior y la reconstrucci\u00f3n de su barandilla. Adem\u00e1s, se retirar\u00e1 el porche posterior, incorporado en modificaciones posteriores, para recuperar la lectura original de la alquer\u00eda.<\/p>\n<p class=\"v-d-p\">Antes del inicio de los trabajos, tanto el edificio como el recinto exterior presentaban un notable deterioro, con patolog\u00edas constructivas, huellas de vandalismo y ocupaci\u00f3n y diversos a\u00f1adidos que alteraban la configuraci\u00f3n de la antigua alquer\u00eda. La recuperaci\u00f3n permitir\u00e1 devolver la coherencia espacial al conjunto y preservar sus elementos m\u00e1s reconocibles, entre ellos la escalera tabicada cer\u00e1mica que comunica las tres alturas.<\/p>\n<p class=\"v-d-p\">Las primeras im\u00e1genes localizadas del inmueble se remontan aproximadamente a 1948, cuando la vivienda ya estaba vinculada a la actividad del club de tenis pr\u00f3ximo y funcionaba como sede social. Aunque el Inventario municipal fecha la construcci\u00f3n en 1950, la documentaci\u00f3n t\u00e9cnica apunta a un origen anterior; por ello, la fecha exacta de construcci\u00f3n no se considera determinada. Con el paso del tiempo, el crecimiento de la ciudad incorpor\u00f3 este ejemplo de arquitectura tradicional al tejido urbano actual.<\/p>\n<p class=\"v-d-p\">La rehabilitaci\u00f3n da respuesta a la demanda de las entidades vecinales de Penya-roja y recupera para la ciudadan\u00eda un inmueble que se encontraba sin uso y con un avanzado deterioro. Con esta actuaci\u00f3n, el Ayuntamiento ampl\u00eda la red de equipamientos de proximidad y pone en valor un elemento del patrimonio municipal para convertirlo en un espacio de relaci\u00f3n, cultura y participaci\u00f3n ciudadana. <\/p>\n<p class=\"v-d-p\">Catal\u00e1 ha destacado igualmente que el gobierno municipal avanza en la ejecuci\u00f3n de diversas actuaciones clave propuestas por la entidad vecinal de Penya-roja, lo que supone \u2014a juicio de la alcaldesa\u2014 que \u00abhemos atendido en el plazo de tres a\u00f1os la pr\u00e1ctica totalidad de las demandas planteadas al inicio de la legislatura\u00bb. <\/p>\n<p class=\"v-d-p\">Entre los proyectos en marcha ha resaltado la tramitaci\u00f3n de la modificaci\u00f3n del Plan General para ceder la parcela correspondiente a Sanidad y hacer realidad el nuevo centro de salud del barrio, un equipamiento que reforzar\u00e1 la cobertura asistencial junto al ya existente de Antonio Su\u00e1rez. <\/p>\n<p class=\"v-d-p\">En el \u00e1mbito de las zonas verdes, en estos d\u00edas se encuentra pendiente la adjudicaci\u00f3n de la redacci\u00f3n del proyecto del Parque 3 de Abril de 1979, mientras que en materia de infraestructura urbana se proyecta una nueva pasarela encargada de conectar los barrios de Penya-roja, La Punta y Nazaret, articulando el tramo final del cauce del r\u00edo Turia con la fachada mar\u00edtima, en lo que constituye el primer paso para culminar la llegada del r\u00edo al mar.<\/p>\n","protected":false},"excerpt":{"rendered":"02\/09\/2026 a las 14:08h. La alcaldesa de Valencia, Mar\u00eda Jos\u00e9 Catal\u00e1, ha visitado este mi\u00e9rcoles las obras de&hellip;\n","protected":false},"author":2,"featured_media":746425,"comment_status":"","ping_status":"","sticky":false,"template":"","format":"standard","meta":{"footnotes":""},"categories":[274],"tags":[15609,12624,16977,245,168,25,24,10695,132576,23,167,327,326],"class_list":["post-746424","post","type-post","status-publish","format-standard","has-post-thumbnail","category-tenis","tag-15609","tag-abrira","tag-alqueria","tag-centro","tag-deportes","tag-es","tag-espana","tag-mayo","tag-sociocultural","tag-spain","tag-sports","tag-tenis","tag-tennis"],"share_on_mastodon":{"url":"https:\/\/pubeurope.com\/@es\/117209881953936710","error":""},"_links":{"self":[{"href":"https:\/\/www.europesays.com\/es\/wp-json\/wp\/v2\/posts\/746424","targetHints":{"allow":["GET"]}}],"collection":[{"href":"https:\/\/www.europesays.com\/es\/wp-json\/wp\/v2\/posts"}],"about":[{"href":"https:\/\/www.europesays.com\/es\/wp-json\/wp\/v2\/types\/post"}],"author":[{"embeddable":true,"href":"https:\/\/www.europesays.com\/es\/wp-json\/wp\/v2\/users\/2"}],"replies":[{"embeddable":true,"href":"https:\/\/www.europesays.com\/es\/wp-json\/wp\/v2\/comments?post=746424"}],"version-history":[{"count":0,"href":"https:\/\/www.europesays.com\/es\/wp-json\/wp\/v2\/posts\/746424\/revisions"}],"wp:featuredmedia":[{"embeddable":true,"href":"https:\/\/www.europesays.com\/es\/wp-json\/wp\/v2\/media\/746425"}],"wp:attachment":[{"href":"https:\/\/www.europesays.com\/es\/wp-json\/wp\/v2\/media?parent=746424"}],"wp:term":[{"taxonomy":"category","embeddable":true,"href":"https:\/\/www.europesays.com\/es\/wp-json\/wp\/v2\/categories?post=746424"},{"taxonomy":"post_tag","embeddable":true,"href":"https:\/\/www.europesays.com\/es\/wp-json\/wp\/v2\/tags?post=746424"}],"curies":[{"name":"wp","href":"https:\/\/api.w.org\/{rel}","templated":true}]}}