{"id":746432,"date":"2026-09-04T00:17:20","date_gmt":"2026-09-04T00:17:20","guid":{"rendered":"https:\/\/www.europesays.com\/es\/746432\/"},"modified":"2026-09-04T00:17:20","modified_gmt":"2026-09-04T00:17:20","slug":"muere-carla-jeffery-actriz-de-zombies-de-disney-a-los-33-anos","status":"publish","type":"post","link":"https:\/\/www.europesays.com\/es\/746432\/","title":{"rendered":"Muere Carla Jeffery, actriz de &#8216;Zombies&#8217; de Disney, a los 33 a\u00f1os"},"content":{"rendered":"<p>Carla Jeffery, actriz que dio vida a Bree en la pel\u00edcula de Disney Channel &#8216;Zombies&#8217; y sus secuelas y que apareci\u00f3 en series como &#8216;Larry  &#8230; David (Curb Your Enthusiasm)&#8217;, ha fallecido. Seg\u00fan ha confirmado la agencia que la represent\u00f3 a lo largo de su carrera, la int\u00e9rprete muri\u00f3 el pasado 1 de septiembre, a los 33 a\u00f1os.<\/p>\n<p class=\"v-d-p\">\u00abTenemos el coraz\u00f3n destrozado al llorar la p\u00e9rdida de nuestra querida Carla Jeffery\u00bb, escribi\u00f3 la agencia en su cuenta de Instagram, dando a conocer la noticia.<\/p>\n<p class=\"v-d-p\">\u00abDurante m\u00e1s de 20 a\u00f1os, Carla form\u00f3 parte de la familia de Alexanders Talent Management, y fue un privilegio incre\u00edble verla crecer desde que era una joven con talento hasta convertirse en la mujer y actriz hermosa y llena de vida en la que se transform\u00f3\u00bb, prosigue el texto, prometiendo recordar \u00absu sonrisa contagiosa, su risa, su talento y la hermosa luz que irradiaba all\u00e1 donde iba\u00bb.<\/p>\n<p class=\"v-d-p\">\u00abNuestro m\u00e1s sincero cari\u00f1o y nuestras m\u00e1s sinceras condolencias est\u00e1n con la familia y los seres queridos de Carla. Pedimos que se respete su privacidad durante este momento tan incre\u00edblemente dif\u00edcil\u00bb, agreg\u00f3 la agencia de la int\u00e9rprete.<\/p>\n<p>\nCarrera\n<\/p>\n<p class=\"v-d-p\">Jeffery apareci\u00f3 en numerosas series adolescentes como &#8216;iCarly&#8217;, &#8216;\u00a1Buena suerte, Charlie!&#8217;, &#8216;Shake It Up&#8217; o &#8216;Amigas a destiempo&#8217; antes de encarnar a Bree en la pel\u00edcula de Disney Channel de 2018 &#8216;Zombies&#8217;. La int\u00e9rprete retom\u00f3 su papel en las secuelas y form\u00f3 parte del reparto de voces de la serie de animaci\u00f3n basada en la saga.<\/p>\n<p class=\"v-d-p\">La actriz tambi\u00e9n apareci\u00f3 en diez episodios de &#8216;Larry David (Curb Your Enthusiasm)&#8217; y en t\u00edtulos como &#8216;Southland&#8217;, la pel\u00edcula &#8216;Girl on the Edge&#8217; o la miniserie de Netflix &#8216;Gamberro de instituto&#8217;, adem\u00e1s de prestar su voz a la simbionte Mania en la serie de animaci\u00f3n de Spider-Man.<\/p>\n","protected":false},"excerpt":{"rendered":"Carla Jeffery, actriz que dio vida a Bree en la pel\u00edcula de Disney Channel &#8216;Zombies&#8217; y sus secuelas&hellip;\n","protected":false},"author":2,"featured_media":746433,"comment_status":"","ping_status":"","sticky":false,"template":"","format":"standard","meta":{"footnotes":""},"categories":[174],"tags":[6456,988,4846,255,1060,146,147,25,24,256,132577,8938,23,54275],"class_list":["post-746432","post","type-post","status-publish","format-standard","has-post-thumbnail","category-famosos","tag-actriz","tag-anos","tag-carla","tag-celebrities","tag-disney","tag-entertainment","tag-entretenimiento","tag-es","tag-espana","tag-famosos","tag-jeffery","tag-muere","tag-spain","tag-zombies"],"share_on_mastodon":{"url":"https:\/\/pubeurope.com\/@es\/117209900530721563","error":""},"_links":{"self":[{"href":"https:\/\/www.europesays.com\/es\/wp-json\/wp\/v2\/posts\/746432","targetHints":{"allow":["GET"]}}],"collection":[{"href":"https:\/\/www.europesays.com\/es\/wp-json\/wp\/v2\/posts"}],"about":[{"href":"https:\/\/www.europesays.com\/es\/wp-json\/wp\/v2\/types\/post"}],"author":[{"embeddable":true,"href":"https:\/\/www.europesays.com\/es\/wp-json\/wp\/v2\/users\/2"}],"replies":[{"embeddable":true,"href":"https:\/\/www.europesays.com\/es\/wp-json\/wp\/v2\/comments?post=746432"}],"version-history":[{"count":0,"href":"https:\/\/www.europesays.com\/es\/wp-json\/wp\/v2\/posts\/746432\/revisions"}],"wp:featuredmedia":[{"embeddable":true,"href":"https:\/\/www.europesays.com\/es\/wp-json\/wp\/v2\/media\/746433"}],"wp:attachment":[{"href":"https:\/\/www.europesays.com\/es\/wp-json\/wp\/v2\/media?parent=746432"}],"wp:term":[{"taxonomy":"category","embeddable":true,"href":"https:\/\/www.europesays.com\/es\/wp-json\/wp\/v2\/categories?post=746432"},{"taxonomy":"post_tag","embeddable":true,"href":"https:\/\/www.europesays.com\/es\/wp-json\/wp\/v2\/tags?post=746432"}],"curies":[{"name":"wp","href":"https:\/\/api.w.org\/{rel}","templated":true}]}}