{"id":746442,"date":"2026-09-04T00:23:15","date_gmt":"2026-09-04T00:23:15","guid":{"rendered":"https:\/\/www.europesays.com\/es\/746442\/"},"modified":"2026-09-04T00:23:15","modified_gmt":"2026-09-04T00:23:15","slug":"hamza-y-bisiwu-entran-en-la-lista-a-del-barca-para-la-champions","status":"publish","type":"post","link":"https:\/\/www.europesays.com\/es\/746442\/","title":{"rendered":"Hamza y Bisiwu entran en la lista A del Bar\u00e7a para la Champions"},"content":{"rendered":"<p class=\"ft-text\"><strong>El FC Barcelona ya tiene definida su lista de 25 jugadores con ficha del primer equipo para la fase liga de la Champions League 2026-27<\/strong>. <a class=\"ft-link ft-link--decoration\" href=\"https:\/\/www.sport.es\/es\/noticias\/barca\/estrategia-flick-barca-hamza-abdelkarim-133876109\" rel=\"nofollow noopener\" target=\"_blank\">Entre los inscritos aparecen Hamza Abdelkarim<\/a> y Jesse Bisiwu, mientras que <strong>Roony Bardghji <\/strong>queda fuera debido a la grave lesi\u00f3n de rodilla que le mantendr\u00e1 alejado de los terrenos de juego durante toda la temporada.<\/p>\n<p><img decoding=\"async\" src=\"https:\/\/www.europesays.com\/es\/wp-content\/uploads\/2026\/09\/113715d5-0684-432c-983e-22cf68412736_alta-libre-aspect-ratio_default_0_x754y666.jpg\" width=\"1200\" height=\"1592\" alt=\"Rafael Yuste se interes\u00f3 por el estado de Bisiwu nada m\u00e1s acabar el partido ante el Sabadell\" class=\"ft-helper-img-rd\" loading=\"lazy\" fetchpriority=\"auto\"\/><\/p>\n<p class=\"ft-helper-fontColor-quaternary ft-helper-fontSize-body-S ft-helper-spacer-t-xxs\">Rafael Yuste se interes\u00f3 por el estado de Bisiwu nada m\u00e1s acabar el partido ante el Sabadell  \/ Valent\u00ed Enrich \/ SPO<\/p>\n<p class=\"ft-text\">Tanto Abdelkarim como Bisiwu figuran en la relaci\u00f3n de futbolistas del primer equipo a efectos de la competici\u00f3n europea pese a que en LaLiga mantienen ficha del filial. <strong>El egipcio seguir\u00e1 luciendo el dorsal 29 y el belga, el 27<\/strong>.<\/p>\n<p>Brian Fari\u00f1as, en la B<\/p>\n<p class=\"ft-text\">La normativa <strong>UEFA <\/strong>obliga al Bar\u00e7a a incluirlos en la lista A para que puedan disputar la <strong>Champions<\/strong>. Ninguno de los dos cumple todav\u00eda los requisitos necesarios para formar parte de la lista B, reservada a los jugadores formados en el club. Para acceder a ella deben haber permanecido durante al menos dos a\u00f1os consecutivos en la cantera o haber acumulado tres a\u00f1os consecutivos en el club, con la posibilidad de una cesi\u00f3n de un m\u00e1ximo de un a\u00f1o a otro equipo de la misma federaci\u00f3n.<\/p>\n<p><img decoding=\"async\" src=\"https:\/\/www.europesays.com\/es\/wp-content\/uploads\/2026\/09\/24b70c50-dd93-47a7-af08-625f51bc4bfa_alta-libre-aspect-ratio_default_0_x640y240.jpg\" width=\"1200\" height=\"675\" alt=\"Las mejores jugadas de Brian Fari\u00f1as contra el Udinese\" class=\"ft-helper-img-rd\" loading=\"lazy\" fetchpriority=\"auto\"\/><\/p>\n<p class=\"ft-helper-fontColor-quaternary ft-helper-fontSize-body-S ft-helper-spacer-t-xxs\">Las mejores jugadas de Brian Fari\u00f1as contra el Udinese  \/ SPORT<\/p>\n<p class=\"ft-text\"><strong>S\u00ed aparece en la lista B Brian Fari\u00f1as, que ya dispone de dorsal del primer equipo en LaLiga, el 4<\/strong>. El centrocampista estar\u00e1 disponible para la Champions con el 28 y podr\u00e1 ser incluido como canterano en la relaci\u00f3n de jugadores de la casa. Esta lista B, adem\u00e1s, no es cerrada: el Bar\u00e7a podr\u00e1 actualizarla hasta 24 horas antes de cada partido de la competici\u00f3n.<\/p>\n","protected":false},"excerpt":{"rendered":"El FC Barcelona ya tiene definida su lista de 25 jugadores con ficha del primer equipo para la&hellip;\n","protected":false},"author":2,"featured_media":746443,"comment_status":"","ping_status":"","sticky":false,"template":"","format":"standard","meta":{"footnotes":""},"categories":[93],"tags":[2296,86191,1241,168,17574,25,24,881,76821,12182,23,167],"class_list":["post-746442","post","type-post","status-publish","format-standard","has-post-thumbnail","category-deportes","tag-barca","tag-bisiwu","tag-champions-league","tag-deportes","tag-entran","tag-es","tag-espana","tag-fc-barcelona","tag-hamza","tag-lista","tag-spain","tag-sports"],"share_on_mastodon":{"url":"https:\/\/pubeurope.com\/@es\/117209923887780457","error":""},"_links":{"self":[{"href":"https:\/\/www.europesays.com\/es\/wp-json\/wp\/v2\/posts\/746442","targetHints":{"allow":["GET"]}}],"collection":[{"href":"https:\/\/www.europesays.com\/es\/wp-json\/wp\/v2\/posts"}],"about":[{"href":"https:\/\/www.europesays.com\/es\/wp-json\/wp\/v2\/types\/post"}],"author":[{"embeddable":true,"href":"https:\/\/www.europesays.com\/es\/wp-json\/wp\/v2\/users\/2"}],"replies":[{"embeddable":true,"href":"https:\/\/www.europesays.com\/es\/wp-json\/wp\/v2\/comments?post=746442"}],"version-history":[{"count":0,"href":"https:\/\/www.europesays.com\/es\/wp-json\/wp\/v2\/posts\/746442\/revisions"}],"wp:featuredmedia":[{"embeddable":true,"href":"https:\/\/www.europesays.com\/es\/wp-json\/wp\/v2\/media\/746443"}],"wp:attachment":[{"href":"https:\/\/www.europesays.com\/es\/wp-json\/wp\/v2\/media?parent=746442"}],"wp:term":[{"taxonomy":"category","embeddable":true,"href":"https:\/\/www.europesays.com\/es\/wp-json\/wp\/v2\/categories?post=746442"},{"taxonomy":"post_tag","embeddable":true,"href":"https:\/\/www.europesays.com\/es\/wp-json\/wp\/v2\/tags?post=746442"}],"curies":[{"name":"wp","href":"https:\/\/api.w.org\/{rel}","templated":true}]}}